{"id":8635,"date":"2026-06-15T08:28:58","date_gmt":"2026-06-15T06:28:58","guid":{"rendered":"https:\/\/valenciasaa.salesianos.edu\/ampas\/?p=8635"},"modified":"2026-06-15T08:43:35","modified_gmt":"2026-06-15T06:43:35","slug":"cuentacuentos-con-paula-te-cuenta","status":"publish","type":"post","link":"https:\/\/valenciasaa.salesianos.edu\/ampas\/cuentacuentos-con-paula-te-cuenta\/","title":{"rendered":"Cuentacuentos con Paula te cuenta."},"content":{"rendered":"<p>[et_pb_section fb_built=\u00bb1&#8243; admin_label=\u00bbsection\u00bb _builder_version=\u00bb4.16&#8243; global_colors_info=\u00bb{}\u00bb][et_pb_row column_structure=\u00bb2_3,1_3&#8243; admin_label=\u00bbrow\u00bb _builder_version=\u00bb4.16&#8243; background_size=\u00bbinitial\u00bb background_position=\u00bbtop_left\u00bb background_repeat=\u00bbrepeat\u00bb global_colors_info=\u00bb{}\u00bb][et_pb_column type=\u00bb2_3&#8243; _builder_version=\u00bb4.16&#8243; custom_padding=\u00bb|||\u00bb global_colors_info=\u00bb{}\u00bb custom_padding__hover=\u00bb|||\u00bb][et_pb_text admin_label=\u00bbAutor\u00bb _builder_version=\u00bb4.27.6&#8243; background_size=\u00bbinitial\u00bb background_position=\u00bbtop_left\u00bb background_repeat=\u00bbrepeat\u00bb use_border_color=\u00bboff\u00bb border_color=\u00bb#ffffff\u00bb border_style=\u00bbsolid\u00bb global_colors_info=\u00bb{}\u00bb]<\/p>\n<p>AMPAS<\/p>\n<p>[\/et_pb_text][et_pb_text admin_label=\u00bbEntradilla\u00bb _builder_version=\u00bb4.27.6&#8243; text_font=\u00bb|on|||\u00bb text_text_color=\u00bb#e02b20&#8243; background_size=\u00bbinitial\u00bb background_position=\u00bbtop_left\u00bb background_repeat=\u00bbrepeat\u00bb text_orientation=\u00bbjustified\u00bb hover_enabled=\u00bb0&#8243; use_border_color=\u00bboff\u00bb border_color=\u00bb#ffffff\u00bb border_style=\u00bbsolid\u00bb global_colors_info=\u00bb{}\u00bb sticky_enabled=\u00bb0&#8243;]<\/p>\n<p>El pasado viernes 27 de marzo, el AMPAS del colegio Salesianos San Antonio Abad de Valencia realiz\u00f3 una actividad dirigida a los ni\u00f1os de infantil y primer ciclo de primaria contando con la presencia de \u201c@paulatecuenta\u201d.<\/p>\n<p>[\/et_pb_text][et_pb_text admin_label=\u00bbDesarrollo\u00bb _builder_version=\u00bb4.27.6&#8243; background_size=\u00bbinitial\u00bb background_position=\u00bbtop_left\u00bb background_repeat=\u00bbrepeat\u00bb text_orientation=\u00bbjustified\u00bb use_border_color=\u00bboff\u00bb border_color=\u00bb#ffffff\u00bb border_style=\u00bbsolid\u00bb global_colors_info=\u00bb{}\u00bb]<\/p>\n<p>Una actividad pensada para el disfrute de los m\u00e1s peque\u00f1os finalizando la semana escolar en la zona verde con un cuentacuentos dirigido por Paula Reyes, autora de multitud de cuentos infantiles y creadora de espect\u00e1culos de cuentacuentos en torno a sus obras.<\/p>\n<p>Una actividad que se llen\u00f3 de ilusi\u00f3n, emoci\u00f3n y muchas risas por parte de los m\u00e1s peque\u00f1os, que disfrutaron sin parar de Paula, sus historias y sus marionetas.<\/p>\n<p>Asimismo, quisimos agradecer la gran acogida de este evento sorteando entre todos los participantes un cuento de Paula, \u201cLa magia en una maleta\u201d.<\/p>\n<p>Desde el AMPAS, queremos agradecer profundamente la gran aceptaci\u00f3n que tuvo esta actividad y reafirmamos nuestra intenci\u00f3n de seguir ofreciendo momentos de diversi\u00f3n a nuestros m\u00e1s peque\u00f1os.<\/p>\n<p>[\/et_pb_text][\/et_pb_column][et_pb_column type=\u00bb1_3&#8243; _builder_version=\u00bb4.16&#8243; custom_padding=\u00bb|||\u00bb global_colors_info=\u00bb{}\u00bb custom_padding__hover=\u00bb|||\u00bb][et_pb_gallery gallery_ids=\u00bb465,466,467,468,8638,8639&#8243; posts_number=\u00bb6&#8243; show_title_and_caption=\u00bboff\u00bb zoom_icon_color=\u00bb#d12525&#8243; hover_icon=\u00bb&#x49;||divi||400&#8243; admin_label=\u00bbGaler\u00eda\u00bb _builder_version=\u00bb4.27.6&#8243; use_border_color=\u00bboff\u00bb border_color=\u00bb#ffffff\u00bb border_style=\u00bbsolid\u00bb global_colors_info=\u00bb{}\u00bb] [\/et_pb_gallery][\/et_pb_column][\/et_pb_row][\/et_pb_section]<\/p>\n","protected":false},"excerpt":{"rendered":"<p>AMPASEl pasado viernes 27 de marzo, el AMPAS del colegio Salesianos San Antonio Abad de Valencia realiz\u00f3 una actividad dirigida a los ni\u00f1os de infantil y primer ciclo de primaria contando con la presencia de \u201c@paulatecuenta\u201d.Una actividad pensada para el disfrute de los m\u00e1s peque\u00f1os finalizando la semana escolar en la zona verde con un [&hellip;]<\/p>\n","protected":false},"author":9,"featured_media":8638,"comment_status":"open","ping_status":"open","sticky":false,"template":"","format":"standard","meta":{"_et_pb_use_builder":"on","_et_pb_old_content":"","_et_gb_content_width":"","footnotes":""},"categories":[37],"tags":[],"class_list":["post-8635","post","type-post","status-publish","format-standard","has-post-thumbnail","hentry","category-ampas"],"yoast_head":"<!-- This site is optimized with the Yoast SEO plugin v28.4 - https:\/\/yoast.com\/product\/yoast-seo-wordpress\/ -->\n<title>Cuentacuentos con Paula te cuenta. - AMPAS<\/title>\n<meta name=\"robots\" content=\"index, follow, max-snippet:-1, max-image-preview:large, max-video-preview:-1\" \/>\n<link rel=\"canonical\" href=\"https:\/\/valenciasaa.salesianos.edu\/ampas\/cuentacuentos-con-paula-te-cuenta\/\" \/>\n<meta property=\"og:locale\" content=\"es_ES\" \/>\n<meta property=\"og:type\" content=\"article\" \/>\n<meta property=\"og:title\" content=\"Cuentacuentos con Paula te cuenta. - AMPAS\" \/>\n<meta property=\"og:description\" content=\"AMPASEl pasado viernes 27 de marzo, el AMPAS del colegio Salesianos San Antonio Abad de Valencia realiz\u00f3 una actividad dirigida a los ni\u00f1os de infantil y primer ciclo de primaria contando con la presencia de \u201c@paulatecuenta\u201d.Una actividad pensada para el disfrute de los m\u00e1s peque\u00f1os finalizando la semana escolar en la zona verde con un [&hellip;]\" \/>\n<meta property=\"og:url\" content=\"https:\/\/valenciasaa.salesianos.edu\/ampas\/cuentacuentos-con-paula-te-cuenta\/\" \/>\n<meta property=\"og:site_name\" content=\"AMPAS\" \/>\n<meta property=\"article:published_time\" content=\"2026-06-15T06:28:58+00:00\" \/>\n<meta property=\"article:modified_time\" content=\"2026-06-15T06:43:35+00:00\" \/>\n<meta property=\"og:image\" content=\"https:\/\/valenciasaa.salesianos.edu\/ampas\/wp-content\/uploads\/sites\/8\/2026\/06\/27.03.2026-Biblioteca-cuenta-cuentos.jpg\" \/>\n\t<meta property=\"og:image:width\" content=\"1200\" \/>\n\t<meta property=\"og:image:height\" content=\"1600\" \/>\n\t<meta property=\"og:image:type\" content=\"image\/jpeg\" \/>\n<meta name=\"author\" content=\"cesarcorrecher\" \/>\n<meta name=\"twitter:card\" content=\"summary_large_image\" \/>\n<meta name=\"twitter:label1\" content=\"Escrito por\" \/>\n\t<meta name=\"twitter:data1\" content=\"cesarcorrecher\" \/>\n\t<meta name=\"twitter:label2\" content=\"Tiempo de lectura\" \/>\n\t<meta name=\"twitter:data2\" content=\"2 minutos\" \/>\n<script type=\"application\/ld+json\" class=\"yoast-schema-graph\">{\"@context\":\"https:\\\/\\\/schema.org\",\"@graph\":[{\"@type\":\"Article\",\"@id\":\"https:\\\/\\\/valenciasaa.salesianos.edu\\\/ampas\\\/cuentacuentos-con-paula-te-cuenta\\\/#article\",\"isPartOf\":{\"@id\":\"https:\\\/\\\/valenciasaa.salesianos.edu\\\/ampas\\\/cuentacuentos-con-paula-te-cuenta\\\/\"},\"author\":{\"name\":\"cesarcorrecher\",\"@id\":\"https:\\\/\\\/valenciasaa.salesianos.edu\\\/ampas\\\/#\\\/schema\\\/person\\\/8bc511db8949dc6f28160c52193688dd\"},\"headline\":\"Cuentacuentos con Paula te cuenta.\",\"datePublished\":\"2026-06-15T06:28:58+00:00\",\"dateModified\":\"2026-06-15T06:43:35+00:00\",\"mainEntityOfPage\":{\"@id\":\"https:\\\/\\\/valenciasaa.salesianos.edu\\\/ampas\\\/cuentacuentos-con-paula-te-cuenta\\\/\"},\"wordCount\":412,\"commentCount\":0,\"image\":{\"@id\":\"https:\\\/\\\/valenciasaa.salesianos.edu\\\/ampas\\\/cuentacuentos-con-paula-te-cuenta\\\/#primaryimage\"},\"thumbnailUrl\":\"https:\\\/\\\/valenciasaa.salesianos.edu\\\/ampas\\\/wp-content\\\/uploads\\\/sites\\\/8\\\/2026\\\/06\\\/27.03.2026-Biblioteca-cuenta-cuentos.jpg\",\"articleSection\":[\"AMPAS\"],\"inLanguage\":\"es\",\"potentialAction\":[{\"@type\":\"CommentAction\",\"name\":\"Comment\",\"target\":[\"https:\\\/\\\/valenciasaa.salesianos.edu\\\/ampas\\\/cuentacuentos-con-paula-te-cuenta\\\/#respond\"]}]},{\"@type\":\"WebPage\",\"@id\":\"https:\\\/\\\/valenciasaa.salesianos.edu\\\/ampas\\\/cuentacuentos-con-paula-te-cuenta\\\/\",\"url\":\"https:\\\/\\\/valenciasaa.salesianos.edu\\\/ampas\\\/cuentacuentos-con-paula-te-cuenta\\\/\",\"name\":\"Cuentacuentos con Paula te cuenta. - AMPAS\",\"isPartOf\":{\"@id\":\"https:\\\/\\\/valenciasaa.salesianos.edu\\\/ampas\\\/#website\"},\"primaryImageOfPage\":{\"@id\":\"https:\\\/\\\/valenciasaa.salesianos.edu\\\/ampas\\\/cuentacuentos-con-paula-te-cuenta\\\/#primaryimage\"},\"image\":{\"@id\":\"https:\\\/\\\/valenciasaa.salesianos.edu\\\/ampas\\\/cuentacuentos-con-paula-te-cuenta\\\/#primaryimage\"},\"thumbnailUrl\":\"https:\\\/\\\/valenciasaa.salesianos.edu\\\/ampas\\\/wp-content\\\/uploads\\\/sites\\\/8\\\/2026\\\/06\\\/27.03.2026-Biblioteca-cuenta-cuentos.jpg\",\"datePublished\":\"2026-06-15T06:28:58+00:00\",\"dateModified\":\"2026-06-15T06:43:35+00:00\",\"author\":{\"@id\":\"https:\\\/\\\/valenciasaa.salesianos.edu\\\/ampas\\\/#\\\/schema\\\/person\\\/8bc511db8949dc6f28160c52193688dd\"},\"breadcrumb\":{\"@id\":\"https:\\\/\\\/valenciasaa.salesianos.edu\\\/ampas\\\/cuentacuentos-con-paula-te-cuenta\\\/#breadcrumb\"},\"inLanguage\":\"es\",\"potentialAction\":[{\"@type\":\"ReadAction\",\"target\":[\"https:\\\/\\\/valenciasaa.salesianos.edu\\\/ampas\\\/cuentacuentos-con-paula-te-cuenta\\\/\"]}]},{\"@type\":\"ImageObject\",\"inLanguage\":\"es\",\"@id\":\"https:\\\/\\\/valenciasaa.salesianos.edu\\\/ampas\\\/cuentacuentos-con-paula-te-cuenta\\\/#primaryimage\",\"url\":\"https:\\\/\\\/valenciasaa.salesianos.edu\\\/ampas\\\/wp-content\\\/uploads\\\/sites\\\/8\\\/2026\\\/06\\\/27.03.2026-Biblioteca-cuenta-cuentos.jpg\",\"contentUrl\":\"https:\\\/\\\/valenciasaa.salesianos.edu\\\/ampas\\\/wp-content\\\/uploads\\\/sites\\\/8\\\/2026\\\/06\\\/27.03.2026-Biblioteca-cuenta-cuentos.jpg\",\"width\":1200,\"height\":1600},{\"@type\":\"BreadcrumbList\",\"@id\":\"https:\\\/\\\/valenciasaa.salesianos.edu\\\/ampas\\\/cuentacuentos-con-paula-te-cuenta\\\/#breadcrumb\",\"itemListElement\":[{\"@type\":\"ListItem\",\"position\":1,\"name\":\"Portada\",\"item\":\"https:\\\/\\\/valenciasaa.salesianos.edu\\\/ampas\\\/\"},{\"@type\":\"ListItem\",\"position\":2,\"name\":\"Cuentacuentos con Paula te cuenta.\"}]},{\"@type\":\"WebSite\",\"@id\":\"https:\\\/\\\/valenciasaa.salesianos.edu\\\/ampas\\\/#website\",\"url\":\"https:\\\/\\\/valenciasaa.salesianos.edu\\\/ampas\\\/\",\"name\":\"AMPAS\",\"description\":\"P\u00e1gina oficial de Salesianos San Antonio Abad Valencia\",\"potentialAction\":[{\"@type\":\"SearchAction\",\"target\":{\"@type\":\"EntryPoint\",\"urlTemplate\":\"https:\\\/\\\/valenciasaa.salesianos.edu\\\/ampas\\\/?s={search_term_string}\"},\"query-input\":{\"@type\":\"PropertyValueSpecification\",\"valueRequired\":true,\"valueName\":\"search_term_string\"}}],\"inLanguage\":\"es\"},{\"@type\":\"Person\",\"@id\":\"https:\\\/\\\/valenciasaa.salesianos.edu\\\/ampas\\\/#\\\/schema\\\/person\\\/8bc511db8949dc6f28160c52193688dd\",\"name\":\"cesarcorrecher\",\"image\":{\"@type\":\"ImageObject\",\"inLanguage\":\"es\",\"@id\":\"https:\\\/\\\/secure.gravatar.com\\\/avatar\\\/cfcad19402b78d21797dff1df642863f2ef4620d4e727323f4eba0fd0a1935b2?s=96&d=mm&r=g\",\"url\":\"https:\\\/\\\/secure.gravatar.com\\\/avatar\\\/cfcad19402b78d21797dff1df642863f2ef4620d4e727323f4eba0fd0a1935b2?s=96&d=mm&r=g\",\"contentUrl\":\"https:\\\/\\\/secure.gravatar.com\\\/avatar\\\/cfcad19402b78d21797dff1df642863f2ef4620d4e727323f4eba0fd0a1935b2?s=96&d=mm&r=g\",\"caption\":\"cesarcorrecher\"}}]}<\/script>\n<!-- \/ Yoast SEO plugin. -->","yoast_head_json":{"title":"Cuentacuentos con Paula te cuenta. - AMPAS","robots":{"index":"index","follow":"follow","max-snippet":"max-snippet:-1","max-image-preview":"max-image-preview:large","max-video-preview":"max-video-preview:-1"},"canonical":"https:\/\/valenciasaa.salesianos.edu\/ampas\/cuentacuentos-con-paula-te-cuenta\/","og_locale":"es_ES","og_type":"article","og_title":"Cuentacuentos con Paula te cuenta. - AMPAS","og_description":"AMPASEl pasado viernes 27 de marzo, el AMPAS del colegio Salesianos San Antonio Abad de Valencia realiz\u00f3 una actividad dirigida a los ni\u00f1os de infantil y primer ciclo de primaria contando con la presencia de \u201c@paulatecuenta\u201d.Una actividad pensada para el disfrute de los m\u00e1s peque\u00f1os finalizando la semana escolar en la zona verde con un [&hellip;]","og_url":"https:\/\/valenciasaa.salesianos.edu\/ampas\/cuentacuentos-con-paula-te-cuenta\/","og_site_name":"AMPAS","article_published_time":"2026-06-15T06:28:58+00:00","article_modified_time":"2026-06-15T06:43:35+00:00","og_image":[{"width":1200,"height":1600,"url":"https:\/\/valenciasaa.salesianos.edu\/ampas\/wp-content\/uploads\/sites\/8\/2026\/06\/27.03.2026-Biblioteca-cuenta-cuentos.jpg","type":"image\/jpeg"}],"author":"cesarcorrecher","twitter_card":"summary_large_image","twitter_misc":{"Escrito por":"cesarcorrecher","Tiempo de lectura":"2 minutos"},"schema":{"@context":"https:\/\/schema.org","@graph":[{"@type":"Article","@id":"https:\/\/valenciasaa.salesianos.edu\/ampas\/cuentacuentos-con-paula-te-cuenta\/#article","isPartOf":{"@id":"https:\/\/valenciasaa.salesianos.edu\/ampas\/cuentacuentos-con-paula-te-cuenta\/"},"author":{"name":"cesarcorrecher","@id":"https:\/\/valenciasaa.salesianos.edu\/ampas\/#\/schema\/person\/8bc511db8949dc6f28160c52193688dd"},"headline":"Cuentacuentos con Paula te cuenta.","datePublished":"2026-06-15T06:28:58+00:00","dateModified":"2026-06-15T06:43:35+00:00","mainEntityOfPage":{"@id":"https:\/\/valenciasaa.salesianos.edu\/ampas\/cuentacuentos-con-paula-te-cuenta\/"},"wordCount":412,"commentCount":0,"image":{"@id":"https:\/\/valenciasaa.salesianos.edu\/ampas\/cuentacuentos-con-paula-te-cuenta\/#primaryimage"},"thumbnailUrl":"https:\/\/valenciasaa.salesianos.edu\/ampas\/wp-content\/uploads\/sites\/8\/2026\/06\/27.03.2026-Biblioteca-cuenta-cuentos.jpg","articleSection":["AMPAS"],"inLanguage":"es","potentialAction":[{"@type":"CommentAction","name":"Comment","target":["https:\/\/valenciasaa.salesianos.edu\/ampas\/cuentacuentos-con-paula-te-cuenta\/#respond"]}]},{"@type":"WebPage","@id":"https:\/\/valenciasaa.salesianos.edu\/ampas\/cuentacuentos-con-paula-te-cuenta\/","url":"https:\/\/valenciasaa.salesianos.edu\/ampas\/cuentacuentos-con-paula-te-cuenta\/","name":"Cuentacuentos con Paula te cuenta. - AMPAS","isPartOf":{"@id":"https:\/\/valenciasaa.salesianos.edu\/ampas\/#website"},"primaryImageOfPage":{"@id":"https:\/\/valenciasaa.salesianos.edu\/ampas\/cuentacuentos-con-paula-te-cuenta\/#primaryimage"},"image":{"@id":"https:\/\/valenciasaa.salesianos.edu\/ampas\/cuentacuentos-con-paula-te-cuenta\/#primaryimage"},"thumbnailUrl":"https:\/\/valenciasaa.salesianos.edu\/ampas\/wp-content\/uploads\/sites\/8\/2026\/06\/27.03.2026-Biblioteca-cuenta-cuentos.jpg","datePublished":"2026-06-15T06:28:58+00:00","dateModified":"2026-06-15T06:43:35+00:00","author":{"@id":"https:\/\/valenciasaa.salesianos.edu\/ampas\/#\/schema\/person\/8bc511db8949dc6f28160c52193688dd"},"breadcrumb":{"@id":"https:\/\/valenciasaa.salesianos.edu\/ampas\/cuentacuentos-con-paula-te-cuenta\/#breadcrumb"},"inLanguage":"es","potentialAction":[{"@type":"ReadAction","target":["https:\/\/valenciasaa.salesianos.edu\/ampas\/cuentacuentos-con-paula-te-cuenta\/"]}]},{"@type":"ImageObject","inLanguage":"es","@id":"https:\/\/valenciasaa.salesianos.edu\/ampas\/cuentacuentos-con-paula-te-cuenta\/#primaryimage","url":"https:\/\/valenciasaa.salesianos.edu\/ampas\/wp-content\/uploads\/sites\/8\/2026\/06\/27.03.2026-Biblioteca-cuenta-cuentos.jpg","contentUrl":"https:\/\/valenciasaa.salesianos.edu\/ampas\/wp-content\/uploads\/sites\/8\/2026\/06\/27.03.2026-Biblioteca-cuenta-cuentos.jpg","width":1200,"height":1600},{"@type":"BreadcrumbList","@id":"https:\/\/valenciasaa.salesianos.edu\/ampas\/cuentacuentos-con-paula-te-cuenta\/#breadcrumb","itemListElement":[{"@type":"ListItem","position":1,"name":"Portada","item":"https:\/\/valenciasaa.salesianos.edu\/ampas\/"},{"@type":"ListItem","position":2,"name":"Cuentacuentos con Paula te cuenta."}]},{"@type":"WebSite","@id":"https:\/\/valenciasaa.salesianos.edu\/ampas\/#website","url":"https:\/\/valenciasaa.salesianos.edu\/ampas\/","name":"AMPAS","description":"P\u00e1gina oficial de Salesianos San Antonio Abad Valencia","potentialAction":[{"@type":"SearchAction","target":{"@type":"EntryPoint","urlTemplate":"https:\/\/valenciasaa.salesianos.edu\/ampas\/?s={search_term_string}"},"query-input":{"@type":"PropertyValueSpecification","valueRequired":true,"valueName":"search_term_string"}}],"inLanguage":"es"},{"@type":"Person","@id":"https:\/\/valenciasaa.salesianos.edu\/ampas\/#\/schema\/person\/8bc511db8949dc6f28160c52193688dd","name":"cesarcorrecher","image":{"@type":"ImageObject","inLanguage":"es","@id":"https:\/\/secure.gravatar.com\/avatar\/cfcad19402b78d21797dff1df642863f2ef4620d4e727323f4eba0fd0a1935b2?s=96&d=mm&r=g","url":"https:\/\/secure.gravatar.com\/avatar\/cfcad19402b78d21797dff1df642863f2ef4620d4e727323f4eba0fd0a1935b2?s=96&d=mm&r=g","contentUrl":"https:\/\/secure.gravatar.com\/avatar\/cfcad19402b78d21797dff1df642863f2ef4620d4e727323f4eba0fd0a1935b2?s=96&d=mm&r=g","caption":"cesarcorrecher"}}]}},"_links":{"self":[{"href":"https:\/\/valenciasaa.salesianos.edu\/ampas\/wp-json\/wp\/v2\/posts\/8635","targetHints":{"allow":["GET"]}}],"collection":[{"href":"https:\/\/valenciasaa.salesianos.edu\/ampas\/wp-json\/wp\/v2\/posts"}],"about":[{"href":"https:\/\/valenciasaa.salesianos.edu\/ampas\/wp-json\/wp\/v2\/types\/post"}],"author":[{"embeddable":true,"href":"https:\/\/valenciasaa.salesianos.edu\/ampas\/wp-json\/wp\/v2\/users\/9"}],"replies":[{"embeddable":true,"href":"https:\/\/valenciasaa.salesianos.edu\/ampas\/wp-json\/wp\/v2\/comments?post=8635"}],"version-history":[{"count":4,"href":"https:\/\/valenciasaa.salesianos.edu\/ampas\/wp-json\/wp\/v2\/posts\/8635\/revisions"}],"predecessor-version":[{"id":8644,"href":"https:\/\/valenciasaa.salesianos.edu\/ampas\/wp-json\/wp\/v2\/posts\/8635\/revisions\/8644"}],"wp:featuredmedia":[{"embeddable":true,"href":"https:\/\/valenciasaa.salesianos.edu\/ampas\/wp-json\/wp\/v2\/media\/8638"}],"wp:attachment":[{"href":"https:\/\/valenciasaa.salesianos.edu\/ampas\/wp-json\/wp\/v2\/media?parent=8635"}],"wp:term":[{"taxonomy":"category","embeddable":true,"href":"https:\/\/valenciasaa.salesianos.edu\/ampas\/wp-json\/wp\/v2\/categories?post=8635"},{"taxonomy":"post_tag","embeddable":true,"href":"https:\/\/valenciasaa.salesianos.edu\/ampas\/wp-json\/wp\/v2\/tags?post=8635"}],"curies":[{"name":"wp","href":"https:\/\/api.w.org\/{rel}","templated":true}]}}