{"id":8645,"date":"2026-06-15T08:48:21","date_gmt":"2026-06-15T06:48:21","guid":{"rendered":"https:\/\/valenciasaa.salesianos.edu\/ampas\/?p=8645"},"modified":"2026-06-15T08:48:24","modified_gmt":"2026-06-15T06:48:24","slug":"ampas-impulsa-la-lectura-en-la-2-a-feria-del-libro-y-comic-del-colegio","status":"publish","type":"post","link":"https:\/\/valenciasaa.salesianos.edu\/ampas\/ampas-impulsa-la-lectura-en-la-2-a-feria-del-libro-y-comic-del-colegio\/","title":{"rendered":"AMPAS impulsa la lectura en la 2.\u00aa Feria del libro y c\u00f3mic del colegio"},"content":{"rendered":"<p>[et_pb_section fb_built=\u00bb1&#8243; admin_label=\u00bbsection\u00bb _builder_version=\u00bb4.16&#8243; global_colors_info=\u00bb{}\u00bb theme_builder_area=\u00bbpost_content\u00bb][et_pb_row admin_label=\u00bbrow\u00bb _builder_version=\u00bb4.16&#8243; background_size=\u00bbinitial\u00bb background_position=\u00bbtop_left\u00bb background_repeat=\u00bbrepeat\u00bb global_colors_info=\u00bb{}\u00bb column_structure=\u00bb2_3,1_3&#8243; theme_builder_area=\u00bbpost_content\u00bb][et_pb_column type=\u00bb2_3&#8243; _builder_version=\u00bb4.16&#8243; custom_padding=\u00bb|||\u00bb global_colors_info=\u00bb{}\u00bb custom_padding__hover=\u00bb|||\u00bb theme_builder_area=\u00bbpost_content\u00bb][et_pb_text admin_label=\u00bbAutor\u00bb _builder_version=\u00bb4.27.6&#8243; background_size=\u00bbinitial\u00bb background_position=\u00bbtop_left\u00bb background_repeat=\u00bbrepeat\u00bb hover_enabled=\u00bb0&#8243; use_border_color=\u00bboff\u00bb border_color=\u00bb#ffffff\u00bb border_style=\u00bbsolid\u00bb global_colors_info=\u00bb{}\u00bb theme_builder_area=\u00bbpost_content\u00bb sticky_enabled=\u00bb0&#8243;]<\/p>\n<p>AMPAS<\/p>\n<p>[\/et_pb_text][et_pb_text admin_label=\u00bbEntradilla\u00bb _builder_version=\u00bb4.27.6&#8243; text_font=\u00bb|on|||\u00bb text_text_color=\u00bb#e02b20&#8243; background_size=\u00bbinitial\u00bb background_position=\u00bbtop_left\u00bb background_repeat=\u00bbrepeat\u00bb text_orientation=\u00bbjustified\u00bb hover_enabled=\u00bb0&#8243; use_border_color=\u00bboff\u00bb border_color=\u00bb#ffffff\u00bb border_style=\u00bbsolid\u00bb global_colors_info=\u00bb{}\u00bb theme_builder_area=\u00bbpost_content\u00bb sticky_enabled=\u00bb0&#8243;]<\/p>\n<p>El AMPAS del Colegio Salesianos San Antonio Abad se ha sumado un a\u00f1o m\u00e1s a la celebraci\u00f3n de la 2.\u00aa Feria del Libro y C\u00f3mic, celebrada los pasados 27 y 28 de noviembre en el pabell\u00f3n de deportes del centro. Esta iniciativa, organizada por Educiona y Rescata un Libro, ha tenido como objetivo fomentar el gusto por la lectura y promover un consumo responsable y sostenible.<\/p>\n<p>[\/et_pb_text][et_pb_text admin_label=\u00bbDesarrollo\u00bb _builder_version=\u00bb4.27.6&#8243; background_size=\u00bbinitial\u00bb background_position=\u00bbtop_left\u00bb background_repeat=\u00bbrepeat\u00bb text_orientation=\u00bbjustified\u00bb hover_enabled=\u00bb0&#8243; use_border_color=\u00bboff\u00bb border_color=\u00bb#ffffff\u00bb border_style=\u00bbsolid\u00bb global_colors_info=\u00bb{}\u00bb theme_builder_area=\u00bbpost_content\u00bb sticky_enabled=\u00bb0&#8243;]<\/p>\n<p>Durante estas jornadas, el alumnado del centro pudo conocer y adquirir libros y c\u00f3mics de diferentes tem\u00e1ticas y para todas las edades con precios que oscilaron entre los 3 y los 20 euros, y con distintos descuentos sobre su precio original.<\/p>\n<p>Como en el curso anterior, AMPAS colabor\u00f3 ofreciendo un descuento de 3 euros a cada una de las familias asociadas, que permiti\u00f3 adquirir algunos ejemplares directamente o reducir el coste de otros de mayor importe.<\/p>\n<p>El alumnado visit\u00f3 la feria por turnos durante el horario escolar y, a partir de las 17:00 h, las familias tambi\u00e9n pudieron acercarse a disfrutar de la actividad. Adem\u00e1s, una parte de la recaudaci\u00f3n se destin\u00f3 a la reposici\u00f3n de libros de la biblioteca del colegio y otra a un fin solidario, colaborando con alguno de los proyectos de FISAT. Asimismo, durante la Feria se pusieron a la venta marcap\u00e1ginas con fin solidario.<\/p>\n<p>Desde AMPAS agradecemos el apoyo de las familias asociadas y la participaci\u00f3n de toda la comunidad educativa en esta iniciativa, que promueve la lectura, la curiosidad, el consumo responsable y el compromiso solidario.<\/p>\n<p>[\/et_pb_text][\/et_pb_column][et_pb_column type=\u00bb1_3&#8243; _builder_version=\u00bb4.16&#8243; custom_padding=\u00bb|||\u00bb global_colors_info=\u00bb{}\u00bb custom_padding__hover=\u00bb|||\u00bb theme_builder_area=\u00bbpost_content\u00bb][et_pb_gallery gallery_ids=\u00bb465,466,467,468,8648,8649&#8243; posts_number=\u00bb6&#8243; show_title_and_caption=\u00bboff\u00bb zoom_icon_color=\u00bb#d12525&#8243; hover_icon=\u00bb&#x49;||divi||400&#8243; admin_label=\u00bbGaler\u00eda\u00bb _builder_version=\u00bb4.27.6&#8243; hover_enabled=\u00bb0&#8243; use_border_color=\u00bboff\u00bb border_color=\u00bb#ffffff\u00bb border_style=\u00bbsolid\u00bb global_colors_info=\u00bb{}\u00bb theme_builder_area=\u00bbpost_content\u00bb sticky_enabled=\u00bb0&#8243;] [\/et_pb_gallery][\/et_pb_column][\/et_pb_row][\/et_pb_section]<\/p>\n","protected":false},"excerpt":{"rendered":"<p>AMPASEl AMPAS del Colegio Salesianos San Antonio Abad se ha sumado un a\u00f1o m\u00e1s a la celebraci\u00f3n de la 2.\u00aa Feria del Libro y C\u00f3mic, celebrada los pasados 27 y 28 de noviembre en el pabell\u00f3n de deportes del centro. Esta iniciativa, organizada por Educiona y Rescata un Libro, ha tenido como objetivo fomentar el [&hellip;]<\/p>\n","protected":false},"author":9,"featured_media":8649,"comment_status":"open","ping_status":"open","sticky":false,"template":"","format":"standard","meta":{"_et_pb_use_builder":"on","_et_pb_old_content":"","_et_gb_content_width":"","footnotes":""},"categories":[1],"tags":[],"class_list":["post-8645","post","type-post","status-publish","format-standard","has-post-thumbnail","hentry","category-uncategorized"],"yoast_head":"<!-- This site is optimized with the Yoast SEO plugin v28.4 - https:\/\/yoast.com\/product\/yoast-seo-wordpress\/ -->\n<title>AMPAS impulsa la lectura en la 2.\u00aa Feria del libro y c\u00f3mic del colegio - AMPAS<\/title>\n<meta name=\"robots\" content=\"index, follow, max-snippet:-1, max-image-preview:large, max-video-preview:-1\" \/>\n<link rel=\"canonical\" href=\"https:\/\/valenciasaa.salesianos.edu\/ampas\/ampas-impulsa-la-lectura-en-la-2-a-feria-del-libro-y-comic-del-colegio\/\" \/>\n<meta property=\"og:locale\" content=\"es_ES\" \/>\n<meta property=\"og:type\" content=\"article\" \/>\n<meta property=\"og:title\" content=\"AMPAS impulsa la lectura en la 2.\u00aa Feria del libro y c\u00f3mic del colegio - AMPAS\" \/>\n<meta property=\"og:description\" content=\"AMPASEl AMPAS del Colegio Salesianos San Antonio Abad se ha sumado un a\u00f1o m\u00e1s a la celebraci\u00f3n de la 2.\u00aa Feria del Libro y C\u00f3mic, celebrada los pasados 27 y 28 de noviembre en el pabell\u00f3n de deportes del centro. Esta iniciativa, organizada por Educiona y Rescata un Libro, ha tenido como objetivo fomentar el [&hellip;]\" \/>\n<meta property=\"og:url\" content=\"https:\/\/valenciasaa.salesianos.edu\/ampas\/ampas-impulsa-la-lectura-en-la-2-a-feria-del-libro-y-comic-del-colegio\/\" \/>\n<meta property=\"og:site_name\" content=\"AMPAS\" \/>\n<meta property=\"article:published_time\" content=\"2026-06-15T06:48:21+00:00\" \/>\n<meta property=\"article:modified_time\" content=\"2026-06-15T06:48:24+00:00\" \/>\n<meta property=\"og:image\" content=\"https:\/\/valenciasaa.salesianos.edu\/ampas\/wp-content\/uploads\/sites\/8\/2026\/06\/27-28.11.2026-Feria-del-libro-2.jpg\" \/>\n\t<meta property=\"og:image:width\" content=\"1600\" \/>\n\t<meta property=\"og:image:height\" content=\"1200\" \/>\n\t<meta property=\"og:image:type\" content=\"image\/jpeg\" \/>\n<meta name=\"author\" content=\"cesarcorrecher\" \/>\n<meta name=\"twitter:card\" content=\"summary_large_image\" \/>\n<meta name=\"twitter:label1\" content=\"Escrito por\" \/>\n\t<meta name=\"twitter:data1\" content=\"cesarcorrecher\" \/>\n\t<meta name=\"twitter:label2\" content=\"Tiempo de lectura\" \/>\n\t<meta name=\"twitter:data2\" content=\"2 minutos\" \/>\n<script type=\"application\/ld+json\" class=\"yoast-schema-graph\">{\"@context\":\"https:\\\/\\\/schema.org\",\"@graph\":[{\"@type\":\"Article\",\"@id\":\"https:\\\/\\\/valenciasaa.salesianos.edu\\\/ampas\\\/ampas-impulsa-la-lectura-en-la-2-a-feria-del-libro-y-comic-del-colegio\\\/#article\",\"isPartOf\":{\"@id\":\"https:\\\/\\\/valenciasaa.salesianos.edu\\\/ampas\\\/ampas-impulsa-la-lectura-en-la-2-a-feria-del-libro-y-comic-del-colegio\\\/\"},\"author\":{\"name\":\"cesarcorrecher\",\"@id\":\"https:\\\/\\\/valenciasaa.salesianos.edu\\\/ampas\\\/#\\\/schema\\\/person\\\/8bc511db8949dc6f28160c52193688dd\"},\"headline\":\"AMPAS impulsa la lectura en la 2.\u00aa Feria del libro y c\u00f3mic del colegio\",\"datePublished\":\"2026-06-15T06:48:21+00:00\",\"dateModified\":\"2026-06-15T06:48:24+00:00\",\"mainEntityOfPage\":{\"@id\":\"https:\\\/\\\/valenciasaa.salesianos.edu\\\/ampas\\\/ampas-impulsa-la-lectura-en-la-2-a-feria-del-libro-y-comic-del-colegio\\\/\"},\"wordCount\":559,\"commentCount\":0,\"image\":{\"@id\":\"https:\\\/\\\/valenciasaa.salesianos.edu\\\/ampas\\\/ampas-impulsa-la-lectura-en-la-2-a-feria-del-libro-y-comic-del-colegio\\\/#primaryimage\"},\"thumbnailUrl\":\"https:\\\/\\\/valenciasaa.salesianos.edu\\\/ampas\\\/wp-content\\\/uploads\\\/sites\\\/8\\\/2026\\\/06\\\/27-28.11.2026-Feria-del-libro-2.jpg\",\"articleSection\":[\"Uncategorized\"],\"inLanguage\":\"es\",\"potentialAction\":[{\"@type\":\"CommentAction\",\"name\":\"Comment\",\"target\":[\"https:\\\/\\\/valenciasaa.salesianos.edu\\\/ampas\\\/ampas-impulsa-la-lectura-en-la-2-a-feria-del-libro-y-comic-del-colegio\\\/#respond\"]}]},{\"@type\":\"WebPage\",\"@id\":\"https:\\\/\\\/valenciasaa.salesianos.edu\\\/ampas\\\/ampas-impulsa-la-lectura-en-la-2-a-feria-del-libro-y-comic-del-colegio\\\/\",\"url\":\"https:\\\/\\\/valenciasaa.salesianos.edu\\\/ampas\\\/ampas-impulsa-la-lectura-en-la-2-a-feria-del-libro-y-comic-del-colegio\\\/\",\"name\":\"AMPAS impulsa la lectura en la 2.\u00aa Feria del libro y c\u00f3mic del colegio - AMPAS\",\"isPartOf\":{\"@id\":\"https:\\\/\\\/valenciasaa.salesianos.edu\\\/ampas\\\/#website\"},\"primaryImageOfPage\":{\"@id\":\"https:\\\/\\\/valenciasaa.salesianos.edu\\\/ampas\\\/ampas-impulsa-la-lectura-en-la-2-a-feria-del-libro-y-comic-del-colegio\\\/#primaryimage\"},\"image\":{\"@id\":\"https:\\\/\\\/valenciasaa.salesianos.edu\\\/ampas\\\/ampas-impulsa-la-lectura-en-la-2-a-feria-del-libro-y-comic-del-colegio\\\/#primaryimage\"},\"thumbnailUrl\":\"https:\\\/\\\/valenciasaa.salesianos.edu\\\/ampas\\\/wp-content\\\/uploads\\\/sites\\\/8\\\/2026\\\/06\\\/27-28.11.2026-Feria-del-libro-2.jpg\",\"datePublished\":\"2026-06-15T06:48:21+00:00\",\"dateModified\":\"2026-06-15T06:48:24+00:00\",\"author\":{\"@id\":\"https:\\\/\\\/valenciasaa.salesianos.edu\\\/ampas\\\/#\\\/schema\\\/person\\\/8bc511db8949dc6f28160c52193688dd\"},\"breadcrumb\":{\"@id\":\"https:\\\/\\\/valenciasaa.salesianos.edu\\\/ampas\\\/ampas-impulsa-la-lectura-en-la-2-a-feria-del-libro-y-comic-del-colegio\\\/#breadcrumb\"},\"inLanguage\":\"es\",\"potentialAction\":[{\"@type\":\"ReadAction\",\"target\":[\"https:\\\/\\\/valenciasaa.salesianos.edu\\\/ampas\\\/ampas-impulsa-la-lectura-en-la-2-a-feria-del-libro-y-comic-del-colegio\\\/\"]}]},{\"@type\":\"ImageObject\",\"inLanguage\":\"es\",\"@id\":\"https:\\\/\\\/valenciasaa.salesianos.edu\\\/ampas\\\/ampas-impulsa-la-lectura-en-la-2-a-feria-del-libro-y-comic-del-colegio\\\/#primaryimage\",\"url\":\"https:\\\/\\\/valenciasaa.salesianos.edu\\\/ampas\\\/wp-content\\\/uploads\\\/sites\\\/8\\\/2026\\\/06\\\/27-28.11.2026-Feria-del-libro-2.jpg\",\"contentUrl\":\"https:\\\/\\\/valenciasaa.salesianos.edu\\\/ampas\\\/wp-content\\\/uploads\\\/sites\\\/8\\\/2026\\\/06\\\/27-28.11.2026-Feria-del-libro-2.jpg\",\"width\":1600,\"height\":1200},{\"@type\":\"BreadcrumbList\",\"@id\":\"https:\\\/\\\/valenciasaa.salesianos.edu\\\/ampas\\\/ampas-impulsa-la-lectura-en-la-2-a-feria-del-libro-y-comic-del-colegio\\\/#breadcrumb\",\"itemListElement\":[{\"@type\":\"ListItem\",\"position\":1,\"name\":\"Portada\",\"item\":\"https:\\\/\\\/valenciasaa.salesianos.edu\\\/ampas\\\/\"},{\"@type\":\"ListItem\",\"position\":2,\"name\":\"AMPAS impulsa la lectura en la 2.\u00aa Feria del libro y c\u00f3mic del colegio\"}]},{\"@type\":\"WebSite\",\"@id\":\"https:\\\/\\\/valenciasaa.salesianos.edu\\\/ampas\\\/#website\",\"url\":\"https:\\\/\\\/valenciasaa.salesianos.edu\\\/ampas\\\/\",\"name\":\"AMPAS\",\"description\":\"P\u00e1gina oficial de Salesianos San Antonio Abad Valencia\",\"potentialAction\":[{\"@type\":\"SearchAction\",\"target\":{\"@type\":\"EntryPoint\",\"urlTemplate\":\"https:\\\/\\\/valenciasaa.salesianos.edu\\\/ampas\\\/?s={search_term_string}\"},\"query-input\":{\"@type\":\"PropertyValueSpecification\",\"valueRequired\":true,\"valueName\":\"search_term_string\"}}],\"inLanguage\":\"es\"},{\"@type\":\"Person\",\"@id\":\"https:\\\/\\\/valenciasaa.salesianos.edu\\\/ampas\\\/#\\\/schema\\\/person\\\/8bc511db8949dc6f28160c52193688dd\",\"name\":\"cesarcorrecher\",\"image\":{\"@type\":\"ImageObject\",\"inLanguage\":\"es\",\"@id\":\"https:\\\/\\\/secure.gravatar.com\\\/avatar\\\/cfcad19402b78d21797dff1df642863f2ef4620d4e727323f4eba0fd0a1935b2?s=96&d=mm&r=g\",\"url\":\"https:\\\/\\\/secure.gravatar.com\\\/avatar\\\/cfcad19402b78d21797dff1df642863f2ef4620d4e727323f4eba0fd0a1935b2?s=96&d=mm&r=g\",\"contentUrl\":\"https:\\\/\\\/secure.gravatar.com\\\/avatar\\\/cfcad19402b78d21797dff1df642863f2ef4620d4e727323f4eba0fd0a1935b2?s=96&d=mm&r=g\",\"caption\":\"cesarcorrecher\"}}]}<\/script>\n<!-- \/ Yoast SEO plugin. -->","yoast_head_json":{"title":"AMPAS impulsa la lectura en la 2.\u00aa Feria del libro y c\u00f3mic del colegio - AMPAS","robots":{"index":"index","follow":"follow","max-snippet":"max-snippet:-1","max-image-preview":"max-image-preview:large","max-video-preview":"max-video-preview:-1"},"canonical":"https:\/\/valenciasaa.salesianos.edu\/ampas\/ampas-impulsa-la-lectura-en-la-2-a-feria-del-libro-y-comic-del-colegio\/","og_locale":"es_ES","og_type":"article","og_title":"AMPAS impulsa la lectura en la 2.\u00aa Feria del libro y c\u00f3mic del colegio - AMPAS","og_description":"AMPASEl AMPAS del Colegio Salesianos San Antonio Abad se ha sumado un a\u00f1o m\u00e1s a la celebraci\u00f3n de la 2.\u00aa Feria del Libro y C\u00f3mic, celebrada los pasados 27 y 28 de noviembre en el pabell\u00f3n de deportes del centro. Esta iniciativa, organizada por Educiona y Rescata un Libro, ha tenido como objetivo fomentar el [&hellip;]","og_url":"https:\/\/valenciasaa.salesianos.edu\/ampas\/ampas-impulsa-la-lectura-en-la-2-a-feria-del-libro-y-comic-del-colegio\/","og_site_name":"AMPAS","article_published_time":"2026-06-15T06:48:21+00:00","article_modified_time":"2026-06-15T06:48:24+00:00","og_image":[{"width":1600,"height":1200,"url":"https:\/\/valenciasaa.salesianos.edu\/ampas\/wp-content\/uploads\/sites\/8\/2026\/06\/27-28.11.2026-Feria-del-libro-2.jpg","type":"image\/jpeg"}],"author":"cesarcorrecher","twitter_card":"summary_large_image","twitter_misc":{"Escrito por":"cesarcorrecher","Tiempo de lectura":"2 minutos"},"schema":{"@context":"https:\/\/schema.org","@graph":[{"@type":"Article","@id":"https:\/\/valenciasaa.salesianos.edu\/ampas\/ampas-impulsa-la-lectura-en-la-2-a-feria-del-libro-y-comic-del-colegio\/#article","isPartOf":{"@id":"https:\/\/valenciasaa.salesianos.edu\/ampas\/ampas-impulsa-la-lectura-en-la-2-a-feria-del-libro-y-comic-del-colegio\/"},"author":{"name":"cesarcorrecher","@id":"https:\/\/valenciasaa.salesianos.edu\/ampas\/#\/schema\/person\/8bc511db8949dc6f28160c52193688dd"},"headline":"AMPAS impulsa la lectura en la 2.\u00aa Feria del libro y c\u00f3mic del colegio","datePublished":"2026-06-15T06:48:21+00:00","dateModified":"2026-06-15T06:48:24+00:00","mainEntityOfPage":{"@id":"https:\/\/valenciasaa.salesianos.edu\/ampas\/ampas-impulsa-la-lectura-en-la-2-a-feria-del-libro-y-comic-del-colegio\/"},"wordCount":559,"commentCount":0,"image":{"@id":"https:\/\/valenciasaa.salesianos.edu\/ampas\/ampas-impulsa-la-lectura-en-la-2-a-feria-del-libro-y-comic-del-colegio\/#primaryimage"},"thumbnailUrl":"https:\/\/valenciasaa.salesianos.edu\/ampas\/wp-content\/uploads\/sites\/8\/2026\/06\/27-28.11.2026-Feria-del-libro-2.jpg","articleSection":["Uncategorized"],"inLanguage":"es","potentialAction":[{"@type":"CommentAction","name":"Comment","target":["https:\/\/valenciasaa.salesianos.edu\/ampas\/ampas-impulsa-la-lectura-en-la-2-a-feria-del-libro-y-comic-del-colegio\/#respond"]}]},{"@type":"WebPage","@id":"https:\/\/valenciasaa.salesianos.edu\/ampas\/ampas-impulsa-la-lectura-en-la-2-a-feria-del-libro-y-comic-del-colegio\/","url":"https:\/\/valenciasaa.salesianos.edu\/ampas\/ampas-impulsa-la-lectura-en-la-2-a-feria-del-libro-y-comic-del-colegio\/","name":"AMPAS impulsa la lectura en la 2.\u00aa Feria del libro y c\u00f3mic del colegio - AMPAS","isPartOf":{"@id":"https:\/\/valenciasaa.salesianos.edu\/ampas\/#website"},"primaryImageOfPage":{"@id":"https:\/\/valenciasaa.salesianos.edu\/ampas\/ampas-impulsa-la-lectura-en-la-2-a-feria-del-libro-y-comic-del-colegio\/#primaryimage"},"image":{"@id":"https:\/\/valenciasaa.salesianos.edu\/ampas\/ampas-impulsa-la-lectura-en-la-2-a-feria-del-libro-y-comic-del-colegio\/#primaryimage"},"thumbnailUrl":"https:\/\/valenciasaa.salesianos.edu\/ampas\/wp-content\/uploads\/sites\/8\/2026\/06\/27-28.11.2026-Feria-del-libro-2.jpg","datePublished":"2026-06-15T06:48:21+00:00","dateModified":"2026-06-15T06:48:24+00:00","author":{"@id":"https:\/\/valenciasaa.salesianos.edu\/ampas\/#\/schema\/person\/8bc511db8949dc6f28160c52193688dd"},"breadcrumb":{"@id":"https:\/\/valenciasaa.salesianos.edu\/ampas\/ampas-impulsa-la-lectura-en-la-2-a-feria-del-libro-y-comic-del-colegio\/#breadcrumb"},"inLanguage":"es","potentialAction":[{"@type":"ReadAction","target":["https:\/\/valenciasaa.salesianos.edu\/ampas\/ampas-impulsa-la-lectura-en-la-2-a-feria-del-libro-y-comic-del-colegio\/"]}]},{"@type":"ImageObject","inLanguage":"es","@id":"https:\/\/valenciasaa.salesianos.edu\/ampas\/ampas-impulsa-la-lectura-en-la-2-a-feria-del-libro-y-comic-del-colegio\/#primaryimage","url":"https:\/\/valenciasaa.salesianos.edu\/ampas\/wp-content\/uploads\/sites\/8\/2026\/06\/27-28.11.2026-Feria-del-libro-2.jpg","contentUrl":"https:\/\/valenciasaa.salesianos.edu\/ampas\/wp-content\/uploads\/sites\/8\/2026\/06\/27-28.11.2026-Feria-del-libro-2.jpg","width":1600,"height":1200},{"@type":"BreadcrumbList","@id":"https:\/\/valenciasaa.salesianos.edu\/ampas\/ampas-impulsa-la-lectura-en-la-2-a-feria-del-libro-y-comic-del-colegio\/#breadcrumb","itemListElement":[{"@type":"ListItem","position":1,"name":"Portada","item":"https:\/\/valenciasaa.salesianos.edu\/ampas\/"},{"@type":"ListItem","position":2,"name":"AMPAS impulsa la lectura en la 2.\u00aa Feria del libro y c\u00f3mic del colegio"}]},{"@type":"WebSite","@id":"https:\/\/valenciasaa.salesianos.edu\/ampas\/#website","url":"https:\/\/valenciasaa.salesianos.edu\/ampas\/","name":"AMPAS","description":"P\u00e1gina oficial de Salesianos San Antonio Abad Valencia","potentialAction":[{"@type":"SearchAction","target":{"@type":"EntryPoint","urlTemplate":"https:\/\/valenciasaa.salesianos.edu\/ampas\/?s={search_term_string}"},"query-input":{"@type":"PropertyValueSpecification","valueRequired":true,"valueName":"search_term_string"}}],"inLanguage":"es"},{"@type":"Person","@id":"https:\/\/valenciasaa.salesianos.edu\/ampas\/#\/schema\/person\/8bc511db8949dc6f28160c52193688dd","name":"cesarcorrecher","image":{"@type":"ImageObject","inLanguage":"es","@id":"https:\/\/secure.gravatar.com\/avatar\/cfcad19402b78d21797dff1df642863f2ef4620d4e727323f4eba0fd0a1935b2?s=96&d=mm&r=g","url":"https:\/\/secure.gravatar.com\/avatar\/cfcad19402b78d21797dff1df642863f2ef4620d4e727323f4eba0fd0a1935b2?s=96&d=mm&r=g","contentUrl":"https:\/\/secure.gravatar.com\/avatar\/cfcad19402b78d21797dff1df642863f2ef4620d4e727323f4eba0fd0a1935b2?s=96&d=mm&r=g","caption":"cesarcorrecher"}}]}},"_links":{"self":[{"href":"https:\/\/valenciasaa.salesianos.edu\/ampas\/wp-json\/wp\/v2\/posts\/8645","targetHints":{"allow":["GET"]}}],"collection":[{"href":"https:\/\/valenciasaa.salesianos.edu\/ampas\/wp-json\/wp\/v2\/posts"}],"about":[{"href":"https:\/\/valenciasaa.salesianos.edu\/ampas\/wp-json\/wp\/v2\/types\/post"}],"author":[{"embeddable":true,"href":"https:\/\/valenciasaa.salesianos.edu\/ampas\/wp-json\/wp\/v2\/users\/9"}],"replies":[{"embeddable":true,"href":"https:\/\/valenciasaa.salesianos.edu\/ampas\/wp-json\/wp\/v2\/comments?post=8645"}],"version-history":[{"count":2,"href":"https:\/\/valenciasaa.salesianos.edu\/ampas\/wp-json\/wp\/v2\/posts\/8645\/revisions"}],"predecessor-version":[{"id":8650,"href":"https:\/\/valenciasaa.salesianos.edu\/ampas\/wp-json\/wp\/v2\/posts\/8645\/revisions\/8650"}],"wp:featuredmedia":[{"embeddable":true,"href":"https:\/\/valenciasaa.salesianos.edu\/ampas\/wp-json\/wp\/v2\/media\/8649"}],"wp:attachment":[{"href":"https:\/\/valenciasaa.salesianos.edu\/ampas\/wp-json\/wp\/v2\/media?parent=8645"}],"wp:term":[{"taxonomy":"category","embeddable":true,"href":"https:\/\/valenciasaa.salesianos.edu\/ampas\/wp-json\/wp\/v2\/categories?post=8645"},{"taxonomy":"post_tag","embeddable":true,"href":"https:\/\/valenciasaa.salesianos.edu\/ampas\/wp-json\/wp\/v2\/tags?post=8645"}],"curies":[{"name":"wp","href":"https:\/\/api.w.org\/{rel}","templated":true}]}}