{"id":8666,"date":"2026-06-15T09:27:14","date_gmt":"2026-06-15T07:27:14","guid":{"rendered":"https:\/\/valenciasaa.salesianos.edu\/ampas\/?p=8666"},"modified":"2026-06-15T09:27:18","modified_gmt":"2026-06-15T07:27:18","slug":"el-uso-responsable-de-las-pantallas-protagonista-en-una-nueva-sesion-de-la-escuela-de-familias-organizada-por-el-ampas","status":"publish","type":"post","link":"https:\/\/valenciasaa.salesianos.edu\/ampas\/el-uso-responsable-de-las-pantallas-protagonista-en-una-nueva-sesion-de-la-escuela-de-familias-organizada-por-el-ampas\/","title":{"rendered":"El uso responsable de las pantallas, protagonista en una nueva sesi\u00f3n de la Escuela de Familias organizada por el AMPAS"},"content":{"rendered":"<p>[et_pb_section fb_built=\u00bb1&#8243; admin_label=\u00bbsection\u00bb _builder_version=\u00bb4.16&#8243; global_colors_info=\u00bb{}\u00bb theme_builder_area=\u00bbpost_content\u00bb][et_pb_row admin_label=\u00bbrow\u00bb _builder_version=\u00bb4.16&#8243; background_size=\u00bbinitial\u00bb background_position=\u00bbtop_left\u00bb background_repeat=\u00bbrepeat\u00bb global_colors_info=\u00bb{}\u00bb column_structure=\u00bb2_3,1_3&#8243; theme_builder_area=\u00bbpost_content\u00bb][et_pb_column type=\u00bb2_3&#8243; _builder_version=\u00bb4.16&#8243; custom_padding=\u00bb|||\u00bb global_colors_info=\u00bb{}\u00bb custom_padding__hover=\u00bb|||\u00bb theme_builder_area=\u00bbpost_content\u00bb][et_pb_text admin_label=\u00bbAutor\u00bb _builder_version=\u00bb4.27.6&#8243; background_size=\u00bbinitial\u00bb background_position=\u00bbtop_left\u00bb background_repeat=\u00bbrepeat\u00bb hover_enabled=\u00bb0&#8243; use_border_color=\u00bboff\u00bb border_color=\u00bb#ffffff\u00bb border_style=\u00bbsolid\u00bb global_colors_info=\u00bb{}\u00bb theme_builder_area=\u00bbpost_content\u00bb sticky_enabled=\u00bb0&#8243;]<\/p>\n<p>ALMA<\/p>\n<p>[\/et_pb_text][et_pb_text admin_label=\u00bbEntradilla\u00bb _builder_version=\u00bb4.27.6&#8243; text_font=\u00bb|on|||\u00bb text_text_color=\u00bb#e02b20&#8243; background_size=\u00bbinitial\u00bb background_position=\u00bbtop_left\u00bb background_repeat=\u00bbrepeat\u00bb text_orientation=\u00bbjustified\u00bb hover_enabled=\u00bb0&#8243; use_border_color=\u00bboff\u00bb border_color=\u00bb#ffffff\u00bb border_style=\u00bbsolid\u00bb global_colors_info=\u00bb{}\u00bb theme_builder_area=\u00bbpost_content\u00bb sticky_enabled=\u00bb0&#8243;]<\/p>\n<p>El pasado mi\u00e9rcoles 3 de diciembre, el AMPAS del Colegio Salesianos San Antonio Abad celebr\u00f3 una nueva sesi\u00f3n de su programa Escuela de Familias, centrada en el acompa\u00f1amiento de ni\u00f1os y ni\u00f1as con el uso de las pantallas, del primer m\u00f3vil y del entorno digital.<\/p>\n<p>[\/et_pb_text][et_pb_text admin_label=\u00bbDesarrollo\u00bb _builder_version=\u00bb4.27.6&#8243; background_size=\u00bbinitial\u00bb background_position=\u00bbtop_left\u00bb background_repeat=\u00bbrepeat\u00bb text_orientation=\u00bbjustified\u00bb hover_enabled=\u00bb0&#8243; use_border_color=\u00bboff\u00bb border_color=\u00bb#ffffff\u00bb border_style=\u00bbsolid\u00bb global_colors_info=\u00bb{}\u00bb theme_builder_area=\u00bbpost_content\u00bb sticky_enabled=\u00bb0&#8243;]<\/p>\n<p>Bajo el t\u00edtulo\u00a0<i>\u00abPantallas en casa: c\u00f3mo proteger, supervisar y educar en el mundo digital\u00bb<\/i>, la jornada abord\u00f3 uno de los retos m\u00e1s frecuentes en el d\u00eda a d\u00eda de las familias, ofreciendo un espacio de reflexi\u00f3n y formaci\u00f3n pr\u00e1ctica sobre c\u00f3mo establecer l\u00edmites, gestionar el acceso a las redes sociales y promover un uso responsable de la tecnolog\u00eda en el \u00e1mbito familiar.<\/p>\n<p>La sesi\u00f3n cont\u00f3 con la participaci\u00f3n de Jorge Cubas Moreno, profesor de Tecnolog\u00eda y Programaci\u00f3n, responsable TIC e ingeniero industrial, quien comparti\u00f3 con las familias asistentes diferentes claves educativas, recursos y estrategias de supervisi\u00f3n adaptadas a las necesidades actuales.<\/p>\n<p>Durante el encuentro se trataron aspectos como el uso de herramientas de control parental, la aplicaci\u00f3n de estrategias de seguridad para la protecci\u00f3n de menores en el entorno online, la llegada del primer m\u00f3vil y la educaci\u00f3n en el acceso y uso adecuado de las redes sociales. Adem\u00e1s, las personas asistentes tuvieron la oportunidad de descargar in situ las aplicaciones recomendadas por el ponente y consultar cualquier duda relacionada con su configuraci\u00f3n y uso, lo que permiti\u00f3 un aprendizaje pr\u00e1ctico y cercano.<\/p>\n<p>En general, las familias valoraron muy positivamente la sesi\u00f3n y se marcharon con mayor conocimiento y herramientas concretas para ayudar a sus hijos e hijas a hacer un uso seguro y responsable de las pantallas.<\/p>\n<p>Desde el AMPAS agradecemos la participaci\u00f3n de las familias y la colaboraci\u00f3n del ponente, y reafirmamos nuestro compromiso de seguir ofreciendo espacios de formaci\u00f3n y acompa\u00f1amiento a trav\u00e9s del programa Escuela de Familias.<\/p>\n<p>[\/et_pb_text][\/et_pb_column][et_pb_column type=\u00bb1_3&#8243; _builder_version=\u00bb4.16&#8243; custom_padding=\u00bb|||\u00bb global_colors_info=\u00bb{}\u00bb custom_padding__hover=\u00bb|||\u00bb theme_builder_area=\u00bbpost_content\u00bb][et_pb_gallery gallery_ids=\u00bb465,466,467,468,8669,8670,8671&#8243; posts_number=\u00bb6&#8243; show_title_and_caption=\u00bboff\u00bb zoom_icon_color=\u00bb#d12525&#8243; hover_icon=\u00bb&#x49;||divi||400&#8243; admin_label=\u00bbGaler\u00eda\u00bb _builder_version=\u00bb4.27.6&#8243; hover_enabled=\u00bb0&#8243; use_border_color=\u00bboff\u00bb border_color=\u00bb#ffffff\u00bb border_style=\u00bbsolid\u00bb global_colors_info=\u00bb{}\u00bb theme_builder_area=\u00bbpost_content\u00bb sticky_enabled=\u00bb0&#8243;] [\/et_pb_gallery][\/et_pb_column][\/et_pb_row][\/et_pb_section]<\/p>\n","protected":false},"excerpt":{"rendered":"<p>ALMAEl pasado mi\u00e9rcoles 3 de diciembre, el AMPAS del Colegio Salesianos San Antonio Abad celebr\u00f3 una nueva sesi\u00f3n de su programa Escuela de Familias, centrada en el acompa\u00f1amiento de ni\u00f1os y ni\u00f1as con el uso de las pantallas, del primer m\u00f3vil y del entorno digital.Bajo el t\u00edtulo\u00a0\u00abPantallas en casa: c\u00f3mo proteger, supervisar y educar en [&hellip;]<\/p>\n","protected":false},"author":9,"featured_media":8670,"comment_status":"open","ping_status":"open","sticky":false,"template":"","format":"standard","meta":{"_et_pb_use_builder":"on","_et_pb_old_content":"","_et_gb_content_width":"","footnotes":""},"categories":[1],"tags":[],"class_list":["post-8666","post","type-post","status-publish","format-standard","has-post-thumbnail","hentry","category-uncategorized"],"yoast_head":"<!-- This site is optimized with the Yoast SEO plugin v28.4 - https:\/\/yoast.com\/product\/yoast-seo-wordpress\/ -->\n<title>El uso responsable de las pantallas, protagonista en una nueva sesi\u00f3n de la Escuela de Familias organizada por el AMPAS - AMPAS<\/title>\n<meta name=\"robots\" content=\"index, follow, max-snippet:-1, max-image-preview:large, max-video-preview:-1\" \/>\n<link rel=\"canonical\" href=\"https:\/\/valenciasaa.salesianos.edu\/ampas\/el-uso-responsable-de-las-pantallas-protagonista-en-una-nueva-sesion-de-la-escuela-de-familias-organizada-por-el-ampas\/\" \/>\n<meta property=\"og:locale\" content=\"es_ES\" \/>\n<meta property=\"og:type\" content=\"article\" \/>\n<meta property=\"og:title\" content=\"El uso responsable de las pantallas, protagonista en una nueva sesi\u00f3n de la Escuela de Familias organizada por el AMPAS - AMPAS\" \/>\n<meta property=\"og:description\" content=\"ALMAEl pasado mi\u00e9rcoles 3 de diciembre, el AMPAS del Colegio Salesianos San Antonio Abad celebr\u00f3 una nueva sesi\u00f3n de su programa Escuela de Familias, centrada en el acompa\u00f1amiento de ni\u00f1os y ni\u00f1as con el uso de las pantallas, del primer m\u00f3vil y del entorno digital.Bajo el t\u00edtulo\u00a0\u00abPantallas en casa: c\u00f3mo proteger, supervisar y educar en [&hellip;]\" \/>\n<meta property=\"og:url\" content=\"https:\/\/valenciasaa.salesianos.edu\/ampas\/el-uso-responsable-de-las-pantallas-protagonista-en-una-nueva-sesion-de-la-escuela-de-familias-organizada-por-el-ampas\/\" \/>\n<meta property=\"og:site_name\" content=\"AMPAS\" \/>\n<meta property=\"article:published_time\" content=\"2026-06-15T07:27:14+00:00\" \/>\n<meta property=\"article:modified_time\" content=\"2026-06-15T07:27:18+00:00\" \/>\n<meta property=\"og:image\" content=\"https:\/\/valenciasaa.salesianos.edu\/ampas\/wp-content\/uploads\/sites\/8\/2026\/06\/25.02.2026-Taller-practico-pantallas-scaled.jpg\" \/>\n\t<meta property=\"og:image:width\" content=\"1920\" \/>\n\t<meta property=\"og:image:height\" content=\"2560\" \/>\n\t<meta property=\"og:image:type\" content=\"image\/jpeg\" \/>\n<meta name=\"author\" content=\"cesarcorrecher\" \/>\n<meta name=\"twitter:card\" content=\"summary_large_image\" \/>\n<meta name=\"twitter:label1\" content=\"Escrito por\" \/>\n\t<meta name=\"twitter:data1\" content=\"cesarcorrecher\" \/>\n\t<meta name=\"twitter:label2\" content=\"Tiempo de lectura\" \/>\n\t<meta name=\"twitter:data2\" content=\"3 minutos\" \/>\n<script type=\"application\/ld+json\" class=\"yoast-schema-graph\">{\"@context\":\"https:\\\/\\\/schema.org\",\"@graph\":[{\"@type\":\"Article\",\"@id\":\"https:\\\/\\\/valenciasaa.salesianos.edu\\\/ampas\\\/el-uso-responsable-de-las-pantallas-protagonista-en-una-nueva-sesion-de-la-escuela-de-familias-organizada-por-el-ampas\\\/#article\",\"isPartOf\":{\"@id\":\"https:\\\/\\\/valenciasaa.salesianos.edu\\\/ampas\\\/el-uso-responsable-de-las-pantallas-protagonista-en-una-nueva-sesion-de-la-escuela-de-familias-organizada-por-el-ampas\\\/\"},\"author\":{\"name\":\"cesarcorrecher\",\"@id\":\"https:\\\/\\\/valenciasaa.salesianos.edu\\\/ampas\\\/#\\\/schema\\\/person\\\/8bc511db8949dc6f28160c52193688dd\"},\"headline\":\"El uso responsable de las pantallas, protagonista en una nueva sesi\u00f3n de la Escuela de Familias organizada por el AMPAS\",\"datePublished\":\"2026-06-15T07:27:14+00:00\",\"dateModified\":\"2026-06-15T07:27:18+00:00\",\"mainEntityOfPage\":{\"@id\":\"https:\\\/\\\/valenciasaa.salesianos.edu\\\/ampas\\\/el-uso-responsable-de-las-pantallas-protagonista-en-una-nueva-sesion-de-la-escuela-de-familias-organizada-por-el-ampas\\\/\"},\"wordCount\":643,\"commentCount\":0,\"image\":{\"@id\":\"https:\\\/\\\/valenciasaa.salesianos.edu\\\/ampas\\\/el-uso-responsable-de-las-pantallas-protagonista-en-una-nueva-sesion-de-la-escuela-de-familias-organizada-por-el-ampas\\\/#primaryimage\"},\"thumbnailUrl\":\"https:\\\/\\\/valenciasaa.salesianos.edu\\\/ampas\\\/wp-content\\\/uploads\\\/sites\\\/8\\\/2026\\\/06\\\/25.02.2026-Taller-practico-pantallas-scaled.jpg\",\"articleSection\":[\"Uncategorized\"],\"inLanguage\":\"es\",\"potentialAction\":[{\"@type\":\"CommentAction\",\"name\":\"Comment\",\"target\":[\"https:\\\/\\\/valenciasaa.salesianos.edu\\\/ampas\\\/el-uso-responsable-de-las-pantallas-protagonista-en-una-nueva-sesion-de-la-escuela-de-familias-organizada-por-el-ampas\\\/#respond\"]}]},{\"@type\":\"WebPage\",\"@id\":\"https:\\\/\\\/valenciasaa.salesianos.edu\\\/ampas\\\/el-uso-responsable-de-las-pantallas-protagonista-en-una-nueva-sesion-de-la-escuela-de-familias-organizada-por-el-ampas\\\/\",\"url\":\"https:\\\/\\\/valenciasaa.salesianos.edu\\\/ampas\\\/el-uso-responsable-de-las-pantallas-protagonista-en-una-nueva-sesion-de-la-escuela-de-familias-organizada-por-el-ampas\\\/\",\"name\":\"El uso responsable de las pantallas, protagonista en una nueva sesi\u00f3n de la Escuela de Familias organizada por el AMPAS - AMPAS\",\"isPartOf\":{\"@id\":\"https:\\\/\\\/valenciasaa.salesianos.edu\\\/ampas\\\/#website\"},\"primaryImageOfPage\":{\"@id\":\"https:\\\/\\\/valenciasaa.salesianos.edu\\\/ampas\\\/el-uso-responsable-de-las-pantallas-protagonista-en-una-nueva-sesion-de-la-escuela-de-familias-organizada-por-el-ampas\\\/#primaryimage\"},\"image\":{\"@id\":\"https:\\\/\\\/valenciasaa.salesianos.edu\\\/ampas\\\/el-uso-responsable-de-las-pantallas-protagonista-en-una-nueva-sesion-de-la-escuela-de-familias-organizada-por-el-ampas\\\/#primaryimage\"},\"thumbnailUrl\":\"https:\\\/\\\/valenciasaa.salesianos.edu\\\/ampas\\\/wp-content\\\/uploads\\\/sites\\\/8\\\/2026\\\/06\\\/25.02.2026-Taller-practico-pantallas-scaled.jpg\",\"datePublished\":\"2026-06-15T07:27:14+00:00\",\"dateModified\":\"2026-06-15T07:27:18+00:00\",\"author\":{\"@id\":\"https:\\\/\\\/valenciasaa.salesianos.edu\\\/ampas\\\/#\\\/schema\\\/person\\\/8bc511db8949dc6f28160c52193688dd\"},\"breadcrumb\":{\"@id\":\"https:\\\/\\\/valenciasaa.salesianos.edu\\\/ampas\\\/el-uso-responsable-de-las-pantallas-protagonista-en-una-nueva-sesion-de-la-escuela-de-familias-organizada-por-el-ampas\\\/#breadcrumb\"},\"inLanguage\":\"es\",\"potentialAction\":[{\"@type\":\"ReadAction\",\"target\":[\"https:\\\/\\\/valenciasaa.salesianos.edu\\\/ampas\\\/el-uso-responsable-de-las-pantallas-protagonista-en-una-nueva-sesion-de-la-escuela-de-familias-organizada-por-el-ampas\\\/\"]}]},{\"@type\":\"ImageObject\",\"inLanguage\":\"es\",\"@id\":\"https:\\\/\\\/valenciasaa.salesianos.edu\\\/ampas\\\/el-uso-responsable-de-las-pantallas-protagonista-en-una-nueva-sesion-de-la-escuela-de-familias-organizada-por-el-ampas\\\/#primaryimage\",\"url\":\"https:\\\/\\\/valenciasaa.salesianos.edu\\\/ampas\\\/wp-content\\\/uploads\\\/sites\\\/8\\\/2026\\\/06\\\/25.02.2026-Taller-practico-pantallas-scaled.jpg\",\"contentUrl\":\"https:\\\/\\\/valenciasaa.salesianos.edu\\\/ampas\\\/wp-content\\\/uploads\\\/sites\\\/8\\\/2026\\\/06\\\/25.02.2026-Taller-practico-pantallas-scaled.jpg\",\"width\":1920,\"height\":2560,\"caption\":\"oplus_2097184\"},{\"@type\":\"BreadcrumbList\",\"@id\":\"https:\\\/\\\/valenciasaa.salesianos.edu\\\/ampas\\\/el-uso-responsable-de-las-pantallas-protagonista-en-una-nueva-sesion-de-la-escuela-de-familias-organizada-por-el-ampas\\\/#breadcrumb\",\"itemListElement\":[{\"@type\":\"ListItem\",\"position\":1,\"name\":\"Portada\",\"item\":\"https:\\\/\\\/valenciasaa.salesianos.edu\\\/ampas\\\/\"},{\"@type\":\"ListItem\",\"position\":2,\"name\":\"El uso responsable de las pantallas, protagonista en una nueva sesi\u00f3n de la Escuela de Familias organizada por el AMPAS\"}]},{\"@type\":\"WebSite\",\"@id\":\"https:\\\/\\\/valenciasaa.salesianos.edu\\\/ampas\\\/#website\",\"url\":\"https:\\\/\\\/valenciasaa.salesianos.edu\\\/ampas\\\/\",\"name\":\"AMPAS\",\"description\":\"P\u00e1gina oficial de Salesianos San Antonio Abad Valencia\",\"potentialAction\":[{\"@type\":\"SearchAction\",\"target\":{\"@type\":\"EntryPoint\",\"urlTemplate\":\"https:\\\/\\\/valenciasaa.salesianos.edu\\\/ampas\\\/?s={search_term_string}\"},\"query-input\":{\"@type\":\"PropertyValueSpecification\",\"valueRequired\":true,\"valueName\":\"search_term_string\"}}],\"inLanguage\":\"es\"},{\"@type\":\"Person\",\"@id\":\"https:\\\/\\\/valenciasaa.salesianos.edu\\\/ampas\\\/#\\\/schema\\\/person\\\/8bc511db8949dc6f28160c52193688dd\",\"name\":\"cesarcorrecher\",\"image\":{\"@type\":\"ImageObject\",\"inLanguage\":\"es\",\"@id\":\"https:\\\/\\\/secure.gravatar.com\\\/avatar\\\/cfcad19402b78d21797dff1df642863f2ef4620d4e727323f4eba0fd0a1935b2?s=96&d=mm&r=g\",\"url\":\"https:\\\/\\\/secure.gravatar.com\\\/avatar\\\/cfcad19402b78d21797dff1df642863f2ef4620d4e727323f4eba0fd0a1935b2?s=96&d=mm&r=g\",\"contentUrl\":\"https:\\\/\\\/secure.gravatar.com\\\/avatar\\\/cfcad19402b78d21797dff1df642863f2ef4620d4e727323f4eba0fd0a1935b2?s=96&d=mm&r=g\",\"caption\":\"cesarcorrecher\"}}]}<\/script>\n<!-- \/ Yoast SEO plugin. -->","yoast_head_json":{"title":"El uso responsable de las pantallas, protagonista en una nueva sesi\u00f3n de la Escuela de Familias organizada por el AMPAS - AMPAS","robots":{"index":"index","follow":"follow","max-snippet":"max-snippet:-1","max-image-preview":"max-image-preview:large","max-video-preview":"max-video-preview:-1"},"canonical":"https:\/\/valenciasaa.salesianos.edu\/ampas\/el-uso-responsable-de-las-pantallas-protagonista-en-una-nueva-sesion-de-la-escuela-de-familias-organizada-por-el-ampas\/","og_locale":"es_ES","og_type":"article","og_title":"El uso responsable de las pantallas, protagonista en una nueva sesi\u00f3n de la Escuela de Familias organizada por el AMPAS - AMPAS","og_description":"ALMAEl pasado mi\u00e9rcoles 3 de diciembre, el AMPAS del Colegio Salesianos San Antonio Abad celebr\u00f3 una nueva sesi\u00f3n de su programa Escuela de Familias, centrada en el acompa\u00f1amiento de ni\u00f1os y ni\u00f1as con el uso de las pantallas, del primer m\u00f3vil y del entorno digital.Bajo el t\u00edtulo\u00a0\u00abPantallas en casa: c\u00f3mo proteger, supervisar y educar en [&hellip;]","og_url":"https:\/\/valenciasaa.salesianos.edu\/ampas\/el-uso-responsable-de-las-pantallas-protagonista-en-una-nueva-sesion-de-la-escuela-de-familias-organizada-por-el-ampas\/","og_site_name":"AMPAS","article_published_time":"2026-06-15T07:27:14+00:00","article_modified_time":"2026-06-15T07:27:18+00:00","og_image":[{"width":1920,"height":2560,"url":"https:\/\/valenciasaa.salesianos.edu\/ampas\/wp-content\/uploads\/sites\/8\/2026\/06\/25.02.2026-Taller-practico-pantallas-scaled.jpg","type":"image\/jpeg"}],"author":"cesarcorrecher","twitter_card":"summary_large_image","twitter_misc":{"Escrito por":"cesarcorrecher","Tiempo de lectura":"3 minutos"},"schema":{"@context":"https:\/\/schema.org","@graph":[{"@type":"Article","@id":"https:\/\/valenciasaa.salesianos.edu\/ampas\/el-uso-responsable-de-las-pantallas-protagonista-en-una-nueva-sesion-de-la-escuela-de-familias-organizada-por-el-ampas\/#article","isPartOf":{"@id":"https:\/\/valenciasaa.salesianos.edu\/ampas\/el-uso-responsable-de-las-pantallas-protagonista-en-una-nueva-sesion-de-la-escuela-de-familias-organizada-por-el-ampas\/"},"author":{"name":"cesarcorrecher","@id":"https:\/\/valenciasaa.salesianos.edu\/ampas\/#\/schema\/person\/8bc511db8949dc6f28160c52193688dd"},"headline":"El uso responsable de las pantallas, protagonista en una nueva sesi\u00f3n de la Escuela de Familias organizada por el AMPAS","datePublished":"2026-06-15T07:27:14+00:00","dateModified":"2026-06-15T07:27:18+00:00","mainEntityOfPage":{"@id":"https:\/\/valenciasaa.salesianos.edu\/ampas\/el-uso-responsable-de-las-pantallas-protagonista-en-una-nueva-sesion-de-la-escuela-de-familias-organizada-por-el-ampas\/"},"wordCount":643,"commentCount":0,"image":{"@id":"https:\/\/valenciasaa.salesianos.edu\/ampas\/el-uso-responsable-de-las-pantallas-protagonista-en-una-nueva-sesion-de-la-escuela-de-familias-organizada-por-el-ampas\/#primaryimage"},"thumbnailUrl":"https:\/\/valenciasaa.salesianos.edu\/ampas\/wp-content\/uploads\/sites\/8\/2026\/06\/25.02.2026-Taller-practico-pantallas-scaled.jpg","articleSection":["Uncategorized"],"inLanguage":"es","potentialAction":[{"@type":"CommentAction","name":"Comment","target":["https:\/\/valenciasaa.salesianos.edu\/ampas\/el-uso-responsable-de-las-pantallas-protagonista-en-una-nueva-sesion-de-la-escuela-de-familias-organizada-por-el-ampas\/#respond"]}]},{"@type":"WebPage","@id":"https:\/\/valenciasaa.salesianos.edu\/ampas\/el-uso-responsable-de-las-pantallas-protagonista-en-una-nueva-sesion-de-la-escuela-de-familias-organizada-por-el-ampas\/","url":"https:\/\/valenciasaa.salesianos.edu\/ampas\/el-uso-responsable-de-las-pantallas-protagonista-en-una-nueva-sesion-de-la-escuela-de-familias-organizada-por-el-ampas\/","name":"El uso responsable de las pantallas, protagonista en una nueva sesi\u00f3n de la Escuela de Familias organizada por el AMPAS - AMPAS","isPartOf":{"@id":"https:\/\/valenciasaa.salesianos.edu\/ampas\/#website"},"primaryImageOfPage":{"@id":"https:\/\/valenciasaa.salesianos.edu\/ampas\/el-uso-responsable-de-las-pantallas-protagonista-en-una-nueva-sesion-de-la-escuela-de-familias-organizada-por-el-ampas\/#primaryimage"},"image":{"@id":"https:\/\/valenciasaa.salesianos.edu\/ampas\/el-uso-responsable-de-las-pantallas-protagonista-en-una-nueva-sesion-de-la-escuela-de-familias-organizada-por-el-ampas\/#primaryimage"},"thumbnailUrl":"https:\/\/valenciasaa.salesianos.edu\/ampas\/wp-content\/uploads\/sites\/8\/2026\/06\/25.02.2026-Taller-practico-pantallas-scaled.jpg","datePublished":"2026-06-15T07:27:14+00:00","dateModified":"2026-06-15T07:27:18+00:00","author":{"@id":"https:\/\/valenciasaa.salesianos.edu\/ampas\/#\/schema\/person\/8bc511db8949dc6f28160c52193688dd"},"breadcrumb":{"@id":"https:\/\/valenciasaa.salesianos.edu\/ampas\/el-uso-responsable-de-las-pantallas-protagonista-en-una-nueva-sesion-de-la-escuela-de-familias-organizada-por-el-ampas\/#breadcrumb"},"inLanguage":"es","potentialAction":[{"@type":"ReadAction","target":["https:\/\/valenciasaa.salesianos.edu\/ampas\/el-uso-responsable-de-las-pantallas-protagonista-en-una-nueva-sesion-de-la-escuela-de-familias-organizada-por-el-ampas\/"]}]},{"@type":"ImageObject","inLanguage":"es","@id":"https:\/\/valenciasaa.salesianos.edu\/ampas\/el-uso-responsable-de-las-pantallas-protagonista-en-una-nueva-sesion-de-la-escuela-de-familias-organizada-por-el-ampas\/#primaryimage","url":"https:\/\/valenciasaa.salesianos.edu\/ampas\/wp-content\/uploads\/sites\/8\/2026\/06\/25.02.2026-Taller-practico-pantallas-scaled.jpg","contentUrl":"https:\/\/valenciasaa.salesianos.edu\/ampas\/wp-content\/uploads\/sites\/8\/2026\/06\/25.02.2026-Taller-practico-pantallas-scaled.jpg","width":1920,"height":2560,"caption":"oplus_2097184"},{"@type":"BreadcrumbList","@id":"https:\/\/valenciasaa.salesianos.edu\/ampas\/el-uso-responsable-de-las-pantallas-protagonista-en-una-nueva-sesion-de-la-escuela-de-familias-organizada-por-el-ampas\/#breadcrumb","itemListElement":[{"@type":"ListItem","position":1,"name":"Portada","item":"https:\/\/valenciasaa.salesianos.edu\/ampas\/"},{"@type":"ListItem","position":2,"name":"El uso responsable de las pantallas, protagonista en una nueva sesi\u00f3n de la Escuela de Familias organizada por el AMPAS"}]},{"@type":"WebSite","@id":"https:\/\/valenciasaa.salesianos.edu\/ampas\/#website","url":"https:\/\/valenciasaa.salesianos.edu\/ampas\/","name":"AMPAS","description":"P\u00e1gina oficial de Salesianos San Antonio Abad Valencia","potentialAction":[{"@type":"SearchAction","target":{"@type":"EntryPoint","urlTemplate":"https:\/\/valenciasaa.salesianos.edu\/ampas\/?s={search_term_string}"},"query-input":{"@type":"PropertyValueSpecification","valueRequired":true,"valueName":"search_term_string"}}],"inLanguage":"es"},{"@type":"Person","@id":"https:\/\/valenciasaa.salesianos.edu\/ampas\/#\/schema\/person\/8bc511db8949dc6f28160c52193688dd","name":"cesarcorrecher","image":{"@type":"ImageObject","inLanguage":"es","@id":"https:\/\/secure.gravatar.com\/avatar\/cfcad19402b78d21797dff1df642863f2ef4620d4e727323f4eba0fd0a1935b2?s=96&d=mm&r=g","url":"https:\/\/secure.gravatar.com\/avatar\/cfcad19402b78d21797dff1df642863f2ef4620d4e727323f4eba0fd0a1935b2?s=96&d=mm&r=g","contentUrl":"https:\/\/secure.gravatar.com\/avatar\/cfcad19402b78d21797dff1df642863f2ef4620d4e727323f4eba0fd0a1935b2?s=96&d=mm&r=g","caption":"cesarcorrecher"}}]}},"_links":{"self":[{"href":"https:\/\/valenciasaa.salesianos.edu\/ampas\/wp-json\/wp\/v2\/posts\/8666","targetHints":{"allow":["GET"]}}],"collection":[{"href":"https:\/\/valenciasaa.salesianos.edu\/ampas\/wp-json\/wp\/v2\/posts"}],"about":[{"href":"https:\/\/valenciasaa.salesianos.edu\/ampas\/wp-json\/wp\/v2\/types\/post"}],"author":[{"embeddable":true,"href":"https:\/\/valenciasaa.salesianos.edu\/ampas\/wp-json\/wp\/v2\/users\/9"}],"replies":[{"embeddable":true,"href":"https:\/\/valenciasaa.salesianos.edu\/ampas\/wp-json\/wp\/v2\/comments?post=8666"}],"version-history":[{"count":2,"href":"https:\/\/valenciasaa.salesianos.edu\/ampas\/wp-json\/wp\/v2\/posts\/8666\/revisions"}],"predecessor-version":[{"id":8672,"href":"https:\/\/valenciasaa.salesianos.edu\/ampas\/wp-json\/wp\/v2\/posts\/8666\/revisions\/8672"}],"wp:featuredmedia":[{"embeddable":true,"href":"https:\/\/valenciasaa.salesianos.edu\/ampas\/wp-json\/wp\/v2\/media\/8670"}],"wp:attachment":[{"href":"https:\/\/valenciasaa.salesianos.edu\/ampas\/wp-json\/wp\/v2\/media?parent=8666"}],"wp:term":[{"taxonomy":"category","embeddable":true,"href":"https:\/\/valenciasaa.salesianos.edu\/ampas\/wp-json\/wp\/v2\/categories?post=8666"},{"taxonomy":"post_tag","embeddable":true,"href":"https:\/\/valenciasaa.salesianos.edu\/ampas\/wp-json\/wp\/v2\/tags?post=8666"}],"curies":[{"name":"wp","href":"https:\/\/api.w.org\/{rel}","templated":true}]}}