{"id":8678,"date":"2026-06-15T10:05:19","date_gmt":"2026-06-15T08:05:19","guid":{"rendered":"https:\/\/valenciasaa.salesianos.edu\/ampas\/?p=8678"},"modified":"2026-06-15T10:05:22","modified_gmt":"2026-06-15T08:05:22","slug":"elecciones-a-la-nueva-junta-directiva-del-ampa","status":"publish","type":"post","link":"https:\/\/valenciasaa.salesianos.edu\/ampas\/elecciones-a-la-nueva-junta-directiva-del-ampa\/","title":{"rendered":"Elecciones a la nueva Junta Directiva del AMPA"},"content":{"rendered":"<p>[et_pb_section fb_built=\u00bb1&#8243; admin_label=\u00bbsection\u00bb _builder_version=\u00bb4.16&#8243; global_colors_info=\u00bb{}\u00bb theme_builder_area=\u00bbpost_content\u00bb][et_pb_row admin_label=\u00bbrow\u00bb _builder_version=\u00bb4.16&#8243; background_size=\u00bbinitial\u00bb background_position=\u00bbtop_left\u00bb background_repeat=\u00bbrepeat\u00bb global_colors_info=\u00bb{}\u00bb column_structure=\u00bb2_3,1_3&#8243; theme_builder_area=\u00bbpost_content\u00bb][et_pb_column type=\u00bb2_3&#8243; _builder_version=\u00bb4.16&#8243; custom_padding=\u00bb|||\u00bb global_colors_info=\u00bb{}\u00bb custom_padding__hover=\u00bb|||\u00bb theme_builder_area=\u00bbpost_content\u00bb][et_pb_text admin_label=\u00bbAutor\u00bb _builder_version=\u00bb4.27.6&#8243; background_size=\u00bbinitial\u00bb background_position=\u00bbtop_left\u00bb background_repeat=\u00bbrepeat\u00bb hover_enabled=\u00bb0&#8243; use_border_color=\u00bboff\u00bb border_color=\u00bb#ffffff\u00bb border_style=\u00bbsolid\u00bb global_colors_info=\u00bb{}\u00bb theme_builder_area=\u00bbpost_content\u00bb sticky_enabled=\u00bb0&#8243;]<\/p>\n<p>AMPAS<\/p>\n<p>[\/et_pb_text][et_pb_text admin_label=\u00bbEntradilla\u00bb _builder_version=\u00bb4.27.6&#8243; text_font=\u00bb|on|||\u00bb text_text_color=\u00bb#e02b20&#8243; background_size=\u00bbinitial\u00bb background_position=\u00bbtop_left\u00bb background_repeat=\u00bbrepeat\u00bb text_orientation=\u00bbjustified\u00bb hover_enabled=\u00bb0&#8243; use_border_color=\u00bboff\u00bb border_color=\u00bb#ffffff\u00bb border_style=\u00bbsolid\u00bb global_colors_info=\u00bb{}\u00bb theme_builder_area=\u00bbpost_content\u00bb sticky_enabled=\u00bb0&#8243;]<\/p>\n<div class=\"et_pb_module et_pb_text et_pb_text_0  et_pb_text_align_justified et_pb_bg_layout_light\">\n<div class=\"et_pb_text_inner\">\n<p>El pasado 11 de diciembre tuvieron lugar las elecciones a la nueva Junta Directiva del AMPAS del Colegio Salesianos San Antonio Abad, correspondientes al per\u00edodo 2026-2030, en horario de 15:00 a 19:00 h, tal y como se hab\u00eda comunicado previamente a las familias.<\/p>\n<\/div>\n<\/div>\n<div class=\"et_pb_module et_pb_text et_pb_text_1  et_pb_text_align_left et_pb_bg_layout_light\">\n<div class=\"et_pb_text_inner\">\u00a0<\/div>\n<\/div>\n<p>[\/et_pb_text][et_pb_text admin_label=\u00bbDesarrollo\u00bb _builder_version=\u00bb4.27.6&#8243; background_size=\u00bbinitial\u00bb background_position=\u00bbtop_left\u00bb background_repeat=\u00bbrepeat\u00bb text_orientation=\u00bbjustified\u00bb hover_enabled=\u00bb0&#8243; use_border_color=\u00bboff\u00bb border_color=\u00bb#ffffff\u00bb border_style=\u00bbsolid\u00bb global_colors_info=\u00bb{}\u00bb theme_builder_area=\u00bbpost_content\u00bb sticky_enabled=\u00bb0&#8243;]<\/p>\n<p>El proceso electoral se desarroll\u00f3 con normalidad y cont\u00f3 con la participaci\u00f3n de las familias asociadas, culminando con la elecci\u00f3n de una nueva Junta Directiva que asume el compromiso de continuar trabajando por el buen funcionamiento del AMPAS y por el apoyo a la comunidad educativa del centro.<\/p>\n<p>Tras la celebraci\u00f3n de las elecciones, el 12 de diciembre se llev\u00f3 a cabo una reuni\u00f3n extraordinaria de nombramiento, en la que qued\u00f3 constituida oficialmente la nueva Junta Directiva, con la siguiente composici\u00f3n:<\/p>\n<p>Junta Directiva del AMPAS (2026-2030):<\/p>\n<ul>\n<li><b>Presidencia:<\/b>\u00a0Luc\u00eda Revert Molt\u00f3<\/li>\n<li><b>Secretar\u00eda:<\/b>\u00a0Ana Mu\u00f1oz L\u00f3pez<\/li>\n<li><b>Tesorer\u00eda:<\/b>\u00a0Teresa Mu\u00f1oz Mateo<\/li>\n<\/ul>\n<p><b>Vocales:<\/b><\/p>\n<ul>\n<li>Jos\u00e9 Salvador Solaz Abril<\/li>\n<li>\u00d3scar Palanca Dolz<\/li>\n<li>Mar\u00eda Teresa Bueno Pablo<\/li>\n<li>Nerea Roig Gallego<\/li>\n<li>Iris Romero Pardo<\/li>\n<li>Isabel Miralles Romero<\/li>\n<li>Cristina L\u00f3pez D\u00edaz<\/li>\n<li>Laura Ib\u00e1\u00f1ez P\u00e9rez<\/li>\n<\/ul>\n<p>Desde el AMPAS agradecemos la implicaci\u00f3n de todas las familias que han participado en el proceso electoral, as\u00ed como la labor realizada por la Junta Directiva saliente. La nueva Junta inicia esta etapa con ilusi\u00f3n y responsabilidad, reafirmando su compromiso de seguir colaborando estrechamente con el colegio y con toda la comunidad educativa.<\/p>\n<p>[\/et_pb_text][\/et_pb_column][et_pb_column type=\u00bb1_3&#8243; _builder_version=\u00bb4.16&#8243; custom_padding=\u00bb|||\u00bb global_colors_info=\u00bb{}\u00bb custom_padding__hover=\u00bb|||\u00bb theme_builder_area=\u00bbpost_content\u00bb][et_pb_gallery gallery_ids=\u00bb465,466,467,468,8681,8682,8683&#8243; posts_number=\u00bb6&#8243; show_title_and_caption=\u00bboff\u00bb zoom_icon_color=\u00bb#d12525&#8243; hover_icon=\u00bb&#x49;||divi||400&#8243; admin_label=\u00bbGaler\u00eda\u00bb _builder_version=\u00bb4.27.6&#8243; hover_enabled=\u00bb0&#8243; use_border_color=\u00bboff\u00bb border_color=\u00bb#ffffff\u00bb border_style=\u00bbsolid\u00bb global_colors_info=\u00bb{}\u00bb theme_builder_area=\u00bbpost_content\u00bb sticky_enabled=\u00bb0&#8243;] [\/et_pb_gallery][\/et_pb_column][\/et_pb_row][\/et_pb_section]<\/p>\n","protected":false},"excerpt":{"rendered":"<p>AMPAS El pasado 11 de diciembre tuvieron lugar las elecciones a la nueva Junta Directiva del AMPAS del Colegio Salesianos San Antonio Abad, correspondientes al per\u00edodo 2026-2030, en horario de 15:00 a 19:00 h, tal y como se hab\u00eda comunicado previamente a las familias. \u00a0 El proceso electoral se desarroll\u00f3 con normalidad y cont\u00f3 con [&hellip;]<\/p>\n","protected":false},"author":9,"featured_media":8683,"comment_status":"open","ping_status":"open","sticky":false,"template":"","format":"standard","meta":{"_et_pb_use_builder":"on","_et_pb_old_content":"","_et_gb_content_width":"","footnotes":""},"categories":[1],"tags":[],"class_list":["post-8678","post","type-post","status-publish","format-standard","has-post-thumbnail","hentry","category-uncategorized"],"yoast_head":"<!-- This site is optimized with the Yoast SEO plugin v28.4 - https:\/\/yoast.com\/product\/yoast-seo-wordpress\/ -->\n<title>Elecciones a la nueva Junta Directiva del AMPA - AMPAS<\/title>\n<meta name=\"robots\" content=\"index, follow, max-snippet:-1, max-image-preview:large, max-video-preview:-1\" \/>\n<link rel=\"canonical\" href=\"https:\/\/valenciasaa.salesianos.edu\/ampas\/elecciones-a-la-nueva-junta-directiva-del-ampa\/\" \/>\n<meta property=\"og:locale\" content=\"es_ES\" \/>\n<meta property=\"og:type\" content=\"article\" \/>\n<meta property=\"og:title\" content=\"Elecciones a la nueva Junta Directiva del AMPA - AMPAS\" \/>\n<meta property=\"og:description\" content=\"AMPAS El pasado 11 de diciembre tuvieron lugar las elecciones a la nueva Junta Directiva del AMPAS del Colegio Salesianos San Antonio Abad, correspondientes al per\u00edodo 2026-2030, en horario de 15:00 a 19:00 h, tal y como se hab\u00eda comunicado previamente a las familias. \u00a0 El proceso electoral se desarroll\u00f3 con normalidad y cont\u00f3 con [&hellip;]\" \/>\n<meta property=\"og:url\" content=\"https:\/\/valenciasaa.salesianos.edu\/ampas\/elecciones-a-la-nueva-junta-directiva-del-ampa\/\" \/>\n<meta property=\"og:site_name\" content=\"AMPAS\" \/>\n<meta property=\"article:published_time\" content=\"2026-06-15T08:05:19+00:00\" \/>\n<meta property=\"article:modified_time\" content=\"2026-06-15T08:05:22+00:00\" \/>\n<meta property=\"og:image\" content=\"https:\/\/valenciasaa.salesianos.edu\/ampas\/wp-content\/uploads\/sites\/8\/2026\/06\/13.12.2025-Asamblea-General-de-FAPASI.jpg\" \/>\n\t<meta property=\"og:image:width\" content=\"2040\" \/>\n\t<meta property=\"og:image:height\" content=\"1530\" \/>\n\t<meta property=\"og:image:type\" content=\"image\/jpeg\" \/>\n<meta name=\"author\" content=\"cesarcorrecher\" \/>\n<meta name=\"twitter:card\" content=\"summary_large_image\" \/>\n<meta name=\"twitter:label1\" content=\"Escrito por\" \/>\n\t<meta name=\"twitter:data1\" content=\"cesarcorrecher\" \/>\n\t<meta name=\"twitter:label2\" content=\"Tiempo de lectura\" \/>\n\t<meta name=\"twitter:data2\" content=\"2 minutos\" \/>\n<script type=\"application\/ld+json\" class=\"yoast-schema-graph\">{\"@context\":\"https:\\\/\\\/schema.org\",\"@graph\":[{\"@type\":\"Article\",\"@id\":\"https:\\\/\\\/valenciasaa.salesianos.edu\\\/ampas\\\/elecciones-a-la-nueva-junta-directiva-del-ampa\\\/#article\",\"isPartOf\":{\"@id\":\"https:\\\/\\\/valenciasaa.salesianos.edu\\\/ampas\\\/elecciones-a-la-nueva-junta-directiva-del-ampa\\\/\"},\"author\":{\"name\":\"cesarcorrecher\",\"@id\":\"https:\\\/\\\/valenciasaa.salesianos.edu\\\/ampas\\\/#\\\/schema\\\/person\\\/8bc511db8949dc6f28160c52193688dd\"},\"headline\":\"Elecciones a la nueva Junta Directiva del AMPA\",\"datePublished\":\"2026-06-15T08:05:19+00:00\",\"dateModified\":\"2026-06-15T08:05:22+00:00\",\"mainEntityOfPage\":{\"@id\":\"https:\\\/\\\/valenciasaa.salesianos.edu\\\/ampas\\\/elecciones-a-la-nueva-junta-directiva-del-ampa\\\/\"},\"wordCount\":536,\"commentCount\":0,\"image\":{\"@id\":\"https:\\\/\\\/valenciasaa.salesianos.edu\\\/ampas\\\/elecciones-a-la-nueva-junta-directiva-del-ampa\\\/#primaryimage\"},\"thumbnailUrl\":\"https:\\\/\\\/valenciasaa.salesianos.edu\\\/ampas\\\/wp-content\\\/uploads\\\/sites\\\/8\\\/2026\\\/06\\\/13.12.2025-Asamblea-General-de-FAPASI.jpg\",\"articleSection\":[\"Uncategorized\"],\"inLanguage\":\"es\",\"potentialAction\":[{\"@type\":\"CommentAction\",\"name\":\"Comment\",\"target\":[\"https:\\\/\\\/valenciasaa.salesianos.edu\\\/ampas\\\/elecciones-a-la-nueva-junta-directiva-del-ampa\\\/#respond\"]}]},{\"@type\":\"WebPage\",\"@id\":\"https:\\\/\\\/valenciasaa.salesianos.edu\\\/ampas\\\/elecciones-a-la-nueva-junta-directiva-del-ampa\\\/\",\"url\":\"https:\\\/\\\/valenciasaa.salesianos.edu\\\/ampas\\\/elecciones-a-la-nueva-junta-directiva-del-ampa\\\/\",\"name\":\"Elecciones a la nueva Junta Directiva del AMPA - AMPAS\",\"isPartOf\":{\"@id\":\"https:\\\/\\\/valenciasaa.salesianos.edu\\\/ampas\\\/#website\"},\"primaryImageOfPage\":{\"@id\":\"https:\\\/\\\/valenciasaa.salesianos.edu\\\/ampas\\\/elecciones-a-la-nueva-junta-directiva-del-ampa\\\/#primaryimage\"},\"image\":{\"@id\":\"https:\\\/\\\/valenciasaa.salesianos.edu\\\/ampas\\\/elecciones-a-la-nueva-junta-directiva-del-ampa\\\/#primaryimage\"},\"thumbnailUrl\":\"https:\\\/\\\/valenciasaa.salesianos.edu\\\/ampas\\\/wp-content\\\/uploads\\\/sites\\\/8\\\/2026\\\/06\\\/13.12.2025-Asamblea-General-de-FAPASI.jpg\",\"datePublished\":\"2026-06-15T08:05:19+00:00\",\"dateModified\":\"2026-06-15T08:05:22+00:00\",\"author\":{\"@id\":\"https:\\\/\\\/valenciasaa.salesianos.edu\\\/ampas\\\/#\\\/schema\\\/person\\\/8bc511db8949dc6f28160c52193688dd\"},\"breadcrumb\":{\"@id\":\"https:\\\/\\\/valenciasaa.salesianos.edu\\\/ampas\\\/elecciones-a-la-nueva-junta-directiva-del-ampa\\\/#breadcrumb\"},\"inLanguage\":\"es\",\"potentialAction\":[{\"@type\":\"ReadAction\",\"target\":[\"https:\\\/\\\/valenciasaa.salesianos.edu\\\/ampas\\\/elecciones-a-la-nueva-junta-directiva-del-ampa\\\/\"]}]},{\"@type\":\"ImageObject\",\"inLanguage\":\"es\",\"@id\":\"https:\\\/\\\/valenciasaa.salesianos.edu\\\/ampas\\\/elecciones-a-la-nueva-junta-directiva-del-ampa\\\/#primaryimage\",\"url\":\"https:\\\/\\\/valenciasaa.salesianos.edu\\\/ampas\\\/wp-content\\\/uploads\\\/sites\\\/8\\\/2026\\\/06\\\/13.12.2025-Asamblea-General-de-FAPASI.jpg\",\"contentUrl\":\"https:\\\/\\\/valenciasaa.salesianos.edu\\\/ampas\\\/wp-content\\\/uploads\\\/sites\\\/8\\\/2026\\\/06\\\/13.12.2025-Asamblea-General-de-FAPASI.jpg\",\"width\":2040,\"height\":1530},{\"@type\":\"BreadcrumbList\",\"@id\":\"https:\\\/\\\/valenciasaa.salesianos.edu\\\/ampas\\\/elecciones-a-la-nueva-junta-directiva-del-ampa\\\/#breadcrumb\",\"itemListElement\":[{\"@type\":\"ListItem\",\"position\":1,\"name\":\"Portada\",\"item\":\"https:\\\/\\\/valenciasaa.salesianos.edu\\\/ampas\\\/\"},{\"@type\":\"ListItem\",\"position\":2,\"name\":\"Elecciones a la nueva Junta Directiva del AMPA\"}]},{\"@type\":\"WebSite\",\"@id\":\"https:\\\/\\\/valenciasaa.salesianos.edu\\\/ampas\\\/#website\",\"url\":\"https:\\\/\\\/valenciasaa.salesianos.edu\\\/ampas\\\/\",\"name\":\"AMPAS\",\"description\":\"P\u00e1gina oficial de Salesianos San Antonio Abad Valencia\",\"potentialAction\":[{\"@type\":\"SearchAction\",\"target\":{\"@type\":\"EntryPoint\",\"urlTemplate\":\"https:\\\/\\\/valenciasaa.salesianos.edu\\\/ampas\\\/?s={search_term_string}\"},\"query-input\":{\"@type\":\"PropertyValueSpecification\",\"valueRequired\":true,\"valueName\":\"search_term_string\"}}],\"inLanguage\":\"es\"},{\"@type\":\"Person\",\"@id\":\"https:\\\/\\\/valenciasaa.salesianos.edu\\\/ampas\\\/#\\\/schema\\\/person\\\/8bc511db8949dc6f28160c52193688dd\",\"name\":\"cesarcorrecher\",\"image\":{\"@type\":\"ImageObject\",\"inLanguage\":\"es\",\"@id\":\"https:\\\/\\\/secure.gravatar.com\\\/avatar\\\/cfcad19402b78d21797dff1df642863f2ef4620d4e727323f4eba0fd0a1935b2?s=96&d=mm&r=g\",\"url\":\"https:\\\/\\\/secure.gravatar.com\\\/avatar\\\/cfcad19402b78d21797dff1df642863f2ef4620d4e727323f4eba0fd0a1935b2?s=96&d=mm&r=g\",\"contentUrl\":\"https:\\\/\\\/secure.gravatar.com\\\/avatar\\\/cfcad19402b78d21797dff1df642863f2ef4620d4e727323f4eba0fd0a1935b2?s=96&d=mm&r=g\",\"caption\":\"cesarcorrecher\"}}]}<\/script>\n<!-- \/ Yoast SEO plugin. -->","yoast_head_json":{"title":"Elecciones a la nueva Junta Directiva del AMPA - AMPAS","robots":{"index":"index","follow":"follow","max-snippet":"max-snippet:-1","max-image-preview":"max-image-preview:large","max-video-preview":"max-video-preview:-1"},"canonical":"https:\/\/valenciasaa.salesianos.edu\/ampas\/elecciones-a-la-nueva-junta-directiva-del-ampa\/","og_locale":"es_ES","og_type":"article","og_title":"Elecciones a la nueva Junta Directiva del AMPA - AMPAS","og_description":"AMPAS El pasado 11 de diciembre tuvieron lugar las elecciones a la nueva Junta Directiva del AMPAS del Colegio Salesianos San Antonio Abad, correspondientes al per\u00edodo 2026-2030, en horario de 15:00 a 19:00 h, tal y como se hab\u00eda comunicado previamente a las familias. \u00a0 El proceso electoral se desarroll\u00f3 con normalidad y cont\u00f3 con [&hellip;]","og_url":"https:\/\/valenciasaa.salesianos.edu\/ampas\/elecciones-a-la-nueva-junta-directiva-del-ampa\/","og_site_name":"AMPAS","article_published_time":"2026-06-15T08:05:19+00:00","article_modified_time":"2026-06-15T08:05:22+00:00","og_image":[{"width":2040,"height":1530,"url":"https:\/\/valenciasaa.salesianos.edu\/ampas\/wp-content\/uploads\/sites\/8\/2026\/06\/13.12.2025-Asamblea-General-de-FAPASI.jpg","type":"image\/jpeg"}],"author":"cesarcorrecher","twitter_card":"summary_large_image","twitter_misc":{"Escrito por":"cesarcorrecher","Tiempo de lectura":"2 minutos"},"schema":{"@context":"https:\/\/schema.org","@graph":[{"@type":"Article","@id":"https:\/\/valenciasaa.salesianos.edu\/ampas\/elecciones-a-la-nueva-junta-directiva-del-ampa\/#article","isPartOf":{"@id":"https:\/\/valenciasaa.salesianos.edu\/ampas\/elecciones-a-la-nueva-junta-directiva-del-ampa\/"},"author":{"name":"cesarcorrecher","@id":"https:\/\/valenciasaa.salesianos.edu\/ampas\/#\/schema\/person\/8bc511db8949dc6f28160c52193688dd"},"headline":"Elecciones a la nueva Junta Directiva del AMPA","datePublished":"2026-06-15T08:05:19+00:00","dateModified":"2026-06-15T08:05:22+00:00","mainEntityOfPage":{"@id":"https:\/\/valenciasaa.salesianos.edu\/ampas\/elecciones-a-la-nueva-junta-directiva-del-ampa\/"},"wordCount":536,"commentCount":0,"image":{"@id":"https:\/\/valenciasaa.salesianos.edu\/ampas\/elecciones-a-la-nueva-junta-directiva-del-ampa\/#primaryimage"},"thumbnailUrl":"https:\/\/valenciasaa.salesianos.edu\/ampas\/wp-content\/uploads\/sites\/8\/2026\/06\/13.12.2025-Asamblea-General-de-FAPASI.jpg","articleSection":["Uncategorized"],"inLanguage":"es","potentialAction":[{"@type":"CommentAction","name":"Comment","target":["https:\/\/valenciasaa.salesianos.edu\/ampas\/elecciones-a-la-nueva-junta-directiva-del-ampa\/#respond"]}]},{"@type":"WebPage","@id":"https:\/\/valenciasaa.salesianos.edu\/ampas\/elecciones-a-la-nueva-junta-directiva-del-ampa\/","url":"https:\/\/valenciasaa.salesianos.edu\/ampas\/elecciones-a-la-nueva-junta-directiva-del-ampa\/","name":"Elecciones a la nueva Junta Directiva del AMPA - AMPAS","isPartOf":{"@id":"https:\/\/valenciasaa.salesianos.edu\/ampas\/#website"},"primaryImageOfPage":{"@id":"https:\/\/valenciasaa.salesianos.edu\/ampas\/elecciones-a-la-nueva-junta-directiva-del-ampa\/#primaryimage"},"image":{"@id":"https:\/\/valenciasaa.salesianos.edu\/ampas\/elecciones-a-la-nueva-junta-directiva-del-ampa\/#primaryimage"},"thumbnailUrl":"https:\/\/valenciasaa.salesianos.edu\/ampas\/wp-content\/uploads\/sites\/8\/2026\/06\/13.12.2025-Asamblea-General-de-FAPASI.jpg","datePublished":"2026-06-15T08:05:19+00:00","dateModified":"2026-06-15T08:05:22+00:00","author":{"@id":"https:\/\/valenciasaa.salesianos.edu\/ampas\/#\/schema\/person\/8bc511db8949dc6f28160c52193688dd"},"breadcrumb":{"@id":"https:\/\/valenciasaa.salesianos.edu\/ampas\/elecciones-a-la-nueva-junta-directiva-del-ampa\/#breadcrumb"},"inLanguage":"es","potentialAction":[{"@type":"ReadAction","target":["https:\/\/valenciasaa.salesianos.edu\/ampas\/elecciones-a-la-nueva-junta-directiva-del-ampa\/"]}]},{"@type":"ImageObject","inLanguage":"es","@id":"https:\/\/valenciasaa.salesianos.edu\/ampas\/elecciones-a-la-nueva-junta-directiva-del-ampa\/#primaryimage","url":"https:\/\/valenciasaa.salesianos.edu\/ampas\/wp-content\/uploads\/sites\/8\/2026\/06\/13.12.2025-Asamblea-General-de-FAPASI.jpg","contentUrl":"https:\/\/valenciasaa.salesianos.edu\/ampas\/wp-content\/uploads\/sites\/8\/2026\/06\/13.12.2025-Asamblea-General-de-FAPASI.jpg","width":2040,"height":1530},{"@type":"BreadcrumbList","@id":"https:\/\/valenciasaa.salesianos.edu\/ampas\/elecciones-a-la-nueva-junta-directiva-del-ampa\/#breadcrumb","itemListElement":[{"@type":"ListItem","position":1,"name":"Portada","item":"https:\/\/valenciasaa.salesianos.edu\/ampas\/"},{"@type":"ListItem","position":2,"name":"Elecciones a la nueva Junta Directiva del AMPA"}]},{"@type":"WebSite","@id":"https:\/\/valenciasaa.salesianos.edu\/ampas\/#website","url":"https:\/\/valenciasaa.salesianos.edu\/ampas\/","name":"AMPAS","description":"P\u00e1gina oficial de Salesianos San Antonio Abad Valencia","potentialAction":[{"@type":"SearchAction","target":{"@type":"EntryPoint","urlTemplate":"https:\/\/valenciasaa.salesianos.edu\/ampas\/?s={search_term_string}"},"query-input":{"@type":"PropertyValueSpecification","valueRequired":true,"valueName":"search_term_string"}}],"inLanguage":"es"},{"@type":"Person","@id":"https:\/\/valenciasaa.salesianos.edu\/ampas\/#\/schema\/person\/8bc511db8949dc6f28160c52193688dd","name":"cesarcorrecher","image":{"@type":"ImageObject","inLanguage":"es","@id":"https:\/\/secure.gravatar.com\/avatar\/cfcad19402b78d21797dff1df642863f2ef4620d4e727323f4eba0fd0a1935b2?s=96&d=mm&r=g","url":"https:\/\/secure.gravatar.com\/avatar\/cfcad19402b78d21797dff1df642863f2ef4620d4e727323f4eba0fd0a1935b2?s=96&d=mm&r=g","contentUrl":"https:\/\/secure.gravatar.com\/avatar\/cfcad19402b78d21797dff1df642863f2ef4620d4e727323f4eba0fd0a1935b2?s=96&d=mm&r=g","caption":"cesarcorrecher"}}]}},"_links":{"self":[{"href":"https:\/\/valenciasaa.salesianos.edu\/ampas\/wp-json\/wp\/v2\/posts\/8678","targetHints":{"allow":["GET"]}}],"collection":[{"href":"https:\/\/valenciasaa.salesianos.edu\/ampas\/wp-json\/wp\/v2\/posts"}],"about":[{"href":"https:\/\/valenciasaa.salesianos.edu\/ampas\/wp-json\/wp\/v2\/types\/post"}],"author":[{"embeddable":true,"href":"https:\/\/valenciasaa.salesianos.edu\/ampas\/wp-json\/wp\/v2\/users\/9"}],"replies":[{"embeddable":true,"href":"https:\/\/valenciasaa.salesianos.edu\/ampas\/wp-json\/wp\/v2\/comments?post=8678"}],"version-history":[{"count":2,"href":"https:\/\/valenciasaa.salesianos.edu\/ampas\/wp-json\/wp\/v2\/posts\/8678\/revisions"}],"predecessor-version":[{"id":8684,"href":"https:\/\/valenciasaa.salesianos.edu\/ampas\/wp-json\/wp\/v2\/posts\/8678\/revisions\/8684"}],"wp:featuredmedia":[{"embeddable":true,"href":"https:\/\/valenciasaa.salesianos.edu\/ampas\/wp-json\/wp\/v2\/media\/8683"}],"wp:attachment":[{"href":"https:\/\/valenciasaa.salesianos.edu\/ampas\/wp-json\/wp\/v2\/media?parent=8678"}],"wp:term":[{"taxonomy":"category","embeddable":true,"href":"https:\/\/valenciasaa.salesianos.edu\/ampas\/wp-json\/wp\/v2\/categories?post=8678"},{"taxonomy":"post_tag","embeddable":true,"href":"https:\/\/valenciasaa.salesianos.edu\/ampas\/wp-json\/wp\/v2\/tags?post=8678"}],"curies":[{"name":"wp","href":"https:\/\/api.w.org\/{rel}","templated":true}]}}