{"id":8686,"date":"2026-06-15T10:16:20","date_gmt":"2026-06-15T08:16:20","guid":{"rendered":"https:\/\/valenciasaa.salesianos.edu\/ampas\/?p=8686"},"modified":"2026-06-15T10:16:23","modified_gmt":"2026-06-15T08:16:23","slug":"el-ampas-de-salesianos-san-antonio-abad-presente-en-la-asamblea-general-de-fapasi","status":"publish","type":"post","link":"https:\/\/valenciasaa.salesianos.edu\/ampas\/el-ampas-de-salesianos-san-antonio-abad-presente-en-la-asamblea-general-de-fapasi\/","title":{"rendered":"El AMPAS de Salesianos San Antonio Abad presente en la Asamblea General de FAPASI"},"content":{"rendered":"<p>[et_pb_section fb_built=\u00bb1&#8243; admin_label=\u00bbsection\u00bb _builder_version=\u00bb4.16&#8243; global_colors_info=\u00bb{}\u00bb theme_builder_area=\u00bbpost_content\u00bb][et_pb_row admin_label=\u00bbrow\u00bb _builder_version=\u00bb4.16&#8243; background_size=\u00bbinitial\u00bb background_position=\u00bbtop_left\u00bb background_repeat=\u00bbrepeat\u00bb global_colors_info=\u00bb{}\u00bb column_structure=\u00bb2_3,1_3&#8243; theme_builder_area=\u00bbpost_content\u00bb][et_pb_column type=\u00bb2_3&#8243; _builder_version=\u00bb4.16&#8243; custom_padding=\u00bb|||\u00bb global_colors_info=\u00bb{}\u00bb custom_padding__hover=\u00bb|||\u00bb theme_builder_area=\u00bbpost_content\u00bb][et_pb_text admin_label=\u00bbAutor\u00bb _builder_version=\u00bb4.27.6&#8243; background_size=\u00bbinitial\u00bb background_position=\u00bbtop_left\u00bb background_repeat=\u00bbrepeat\u00bb hover_enabled=\u00bb0&#8243; use_border_color=\u00bboff\u00bb border_color=\u00bb#ffffff\u00bb border_style=\u00bbsolid\u00bb global_colors_info=\u00bb{}\u00bb theme_builder_area=\u00bbpost_content\u00bb sticky_enabled=\u00bb0&#8243;]<\/p>\n<p>AMPAS<\/p>\n<p>[\/et_pb_text][et_pb_text admin_label=\u00bbEntradilla\u00bb _builder_version=\u00bb4.27.6&#8243; text_font=\u00bb|on|||\u00bb text_text_color=\u00bb#e02b20&#8243; background_size=\u00bbinitial\u00bb background_position=\u00bbtop_left\u00bb background_repeat=\u00bbrepeat\u00bb text_orientation=\u00bbjustified\u00bb hover_enabled=\u00bb0&#8243; use_border_color=\u00bboff\u00bb border_color=\u00bb#ffffff\u00bb border_style=\u00bbsolid\u00bb global_colors_info=\u00bb{}\u00bb theme_builder_area=\u00bbpost_content\u00bb sticky_enabled=\u00bb0&#8243;]<\/p>\n<div class=\"et_pb_module et_pb_text et_pb_text_0  et_pb_text_align_justified et_pb_bg_layout_light\">\n<div class=\"et_pb_text_inner\">\n<p>La junta directiva del AMPAS del Colegio Salesianos San Antonio Abad particip\u00f3 el pasado 13 de diciembre en la Asamblea General de FAPASI, celebrada en Godelleta. Este encuentro reuni\u00f3 a representantes de la mayor\u00eda de las AMPAS salesianas en un ambiente de convivencia y fraternidad, y supuso una nueva oportunidad para compartir experiencias y seguir fortaleciendo el trabajo conjunto entre familias y colegios.<\/p>\n<\/div>\n<\/div>\n<div class=\"et_pb_module et_pb_text et_pb_text_1  et_pb_text_align_left et_pb_bg_layout_light\">\n<div class=\"et_pb_text_inner\">\u00a0<\/div>\n<\/div>\n<p>[\/et_pb_text][et_pb_text admin_label=\u00bbDesarrollo\u00bb _builder_version=\u00bb4.27.6&#8243; background_size=\u00bbinitial\u00bb background_position=\u00bbtop_left\u00bb background_repeat=\u00bbrepeat\u00bb text_orientation=\u00bbjustified\u00bb hover_enabled=\u00bb0&#8243; use_border_color=\u00bboff\u00bb border_color=\u00bb#ffffff\u00bb border_style=\u00bbsolid\u00bb global_colors_info=\u00bb{}\u00bb theme_builder_area=\u00bbpost_content\u00bb sticky_enabled=\u00bb0&#8243;]<\/p>\n<p>Durante la jornada, el salesiano\u00a0<b>Santi Mu\u00f1oz<\/b>, director de la obra de Valencia San Antonio Abad, ofreci\u00f3 una formaci\u00f3n centrada en el lema pastoral de este curso,\u00a0<i>\u201cProtagonistas de la historia\u201d<\/i>, invitando a las familias a seguir siendo parte activa de la vida educativa y pastoral de nuestros colegios.<\/p>\n<p>A continuaci\u00f3n, tuvo lugar la Asamblea General, en la que se trataron los puntos habituales del orden del d\u00eda y otros de especial relevancia, como el inicio de la organizaci\u00f3n del\u00a0<b>25.\u00ba Aniversario de FAPASI<\/b>, que se celebrar\u00e1 el pr\u00f3ximo\u00a0<b>28 de febrero en Valencia San Juan Bosco<\/b>, al que esperamos que asistan numerosas familias salesianas. Asimismo, se dedic\u00f3 un tiempo al estudio de posibles mejoras en el planteamiento de las cuotas, a propuesta del AMPA de Cartagena.<\/p>\n<p>Desde el AMPAS de Salesianos San Antonio Abad valoramos muy positivamente este tipo de encuentros, que refuerzan la identidad salesiana de las AMPAS y subrayan el papel fundamental de las familias dentro de las comunidades educativo-pastorales. Animamos a todas las familias de nuestro colegio a seguir participando activamente en la vida del AMPAS y en las iniciativas que se impulsan desde FAPASI.<\/p>\n<p>[\/et_pb_text][\/et_pb_column][et_pb_column type=\u00bb1_3&#8243; _builder_version=\u00bb4.16&#8243; custom_padding=\u00bb|||\u00bb global_colors_info=\u00bb{}\u00bb custom_padding__hover=\u00bb|||\u00bb theme_builder_area=\u00bbpost_content\u00bb][et_pb_gallery gallery_ids=\u00bb465,466,467,468,8683,8682,8681&#8243; posts_number=\u00bb6&#8243; show_title_and_caption=\u00bboff\u00bb zoom_icon_color=\u00bb#d12525&#8243; hover_icon=\u00bb&#x49;||divi||400&#8243; admin_label=\u00bbGaler\u00eda\u00bb _builder_version=\u00bb4.27.6&#8243; hover_enabled=\u00bb0&#8243; use_border_color=\u00bboff\u00bb border_color=\u00bb#ffffff\u00bb border_style=\u00bbsolid\u00bb global_colors_info=\u00bb{}\u00bb theme_builder_area=\u00bbpost_content\u00bb sticky_enabled=\u00bb0&#8243;] [\/et_pb_gallery][\/et_pb_column][\/et_pb_row][\/et_pb_section]<\/p>\n","protected":false},"excerpt":{"rendered":"<p>AMPAS La junta directiva del AMPAS del Colegio Salesianos San Antonio Abad particip\u00f3 el pasado 13 de diciembre en la Asamblea General de FAPASI, celebrada en Godelleta. Este encuentro reuni\u00f3 a representantes de la mayor\u00eda de las AMPAS salesianas en un ambiente de convivencia y fraternidad, y supuso una nueva oportunidad para compartir experiencias y [&hellip;]<\/p>\n","protected":false},"author":9,"featured_media":0,"comment_status":"open","ping_status":"open","sticky":false,"template":"","format":"standard","meta":{"_et_pb_use_builder":"on","_et_pb_old_content":"","_et_gb_content_width":"","footnotes":""},"categories":[37],"tags":[],"class_list":["post-8686","post","type-post","status-publish","format-standard","hentry","category-ampas"],"yoast_head":"<!-- This site is optimized with the Yoast SEO plugin v28.4 - https:\/\/yoast.com\/product\/yoast-seo-wordpress\/ -->\n<title>El AMPAS de Salesianos San Antonio Abad presente en la Asamblea General de FAPASI - AMPAS<\/title>\n<meta name=\"robots\" content=\"index, follow, max-snippet:-1, max-image-preview:large, max-video-preview:-1\" \/>\n<link rel=\"canonical\" href=\"https:\/\/valenciasaa.salesianos.edu\/ampas\/el-ampas-de-salesianos-san-antonio-abad-presente-en-la-asamblea-general-de-fapasi\/\" \/>\n<meta property=\"og:locale\" content=\"es_ES\" \/>\n<meta property=\"og:type\" content=\"article\" \/>\n<meta property=\"og:title\" content=\"El AMPAS de Salesianos San Antonio Abad presente en la Asamblea General de FAPASI - AMPAS\" \/>\n<meta property=\"og:description\" content=\"AMPAS La junta directiva del AMPAS del Colegio Salesianos San Antonio Abad particip\u00f3 el pasado 13 de diciembre en la Asamblea General de FAPASI, celebrada en Godelleta. Este encuentro reuni\u00f3 a representantes de la mayor\u00eda de las AMPAS salesianas en un ambiente de convivencia y fraternidad, y supuso una nueva oportunidad para compartir experiencias y [&hellip;]\" \/>\n<meta property=\"og:url\" content=\"https:\/\/valenciasaa.salesianos.edu\/ampas\/el-ampas-de-salesianos-san-antonio-abad-presente-en-la-asamblea-general-de-fapasi\/\" \/>\n<meta property=\"og:site_name\" content=\"AMPAS\" \/>\n<meta property=\"article:published_time\" content=\"2026-06-15T08:16:20+00:00\" \/>\n<meta property=\"article:modified_time\" content=\"2026-06-15T08:16:23+00:00\" \/>\n<meta name=\"author\" content=\"cesarcorrecher\" \/>\n<meta name=\"twitter:card\" content=\"summary_large_image\" \/>\n<meta name=\"twitter:label1\" content=\"Escrito por\" \/>\n\t<meta name=\"twitter:data1\" content=\"cesarcorrecher\" \/>\n\t<meta name=\"twitter:label2\" content=\"Tiempo de lectura\" \/>\n\t<meta name=\"twitter:data2\" content=\"2 minutos\" \/>\n<script type=\"application\/ld+json\" class=\"yoast-schema-graph\">{\"@context\":\"https:\\\/\\\/schema.org\",\"@graph\":[{\"@type\":\"Article\",\"@id\":\"https:\\\/\\\/valenciasaa.salesianos.edu\\\/ampas\\\/el-ampas-de-salesianos-san-antonio-abad-presente-en-la-asamblea-general-de-fapasi\\\/#article\",\"isPartOf\":{\"@id\":\"https:\\\/\\\/valenciasaa.salesianos.edu\\\/ampas\\\/el-ampas-de-salesianos-san-antonio-abad-presente-en-la-asamblea-general-de-fapasi\\\/\"},\"author\":{\"name\":\"cesarcorrecher\",\"@id\":\"https:\\\/\\\/valenciasaa.salesianos.edu\\\/ampas\\\/#\\\/schema\\\/person\\\/8bc511db8949dc6f28160c52193688dd\"},\"headline\":\"El AMPAS de Salesianos San Antonio Abad presente en la Asamblea General de FAPASI\",\"datePublished\":\"2026-06-15T08:16:20+00:00\",\"dateModified\":\"2026-06-15T08:16:23+00:00\",\"mainEntityOfPage\":{\"@id\":\"https:\\\/\\\/valenciasaa.salesianos.edu\\\/ampas\\\/el-ampas-de-salesianos-san-antonio-abad-presente-en-la-asamblea-general-de-fapasi\\\/\"},\"wordCount\":561,\"commentCount\":0,\"articleSection\":[\"AMPAS\"],\"inLanguage\":\"es\",\"potentialAction\":[{\"@type\":\"CommentAction\",\"name\":\"Comment\",\"target\":[\"https:\\\/\\\/valenciasaa.salesianos.edu\\\/ampas\\\/el-ampas-de-salesianos-san-antonio-abad-presente-en-la-asamblea-general-de-fapasi\\\/#respond\"]}]},{\"@type\":\"WebPage\",\"@id\":\"https:\\\/\\\/valenciasaa.salesianos.edu\\\/ampas\\\/el-ampas-de-salesianos-san-antonio-abad-presente-en-la-asamblea-general-de-fapasi\\\/\",\"url\":\"https:\\\/\\\/valenciasaa.salesianos.edu\\\/ampas\\\/el-ampas-de-salesianos-san-antonio-abad-presente-en-la-asamblea-general-de-fapasi\\\/\",\"name\":\"El AMPAS de Salesianos San Antonio Abad presente en la Asamblea General de FAPASI - AMPAS\",\"isPartOf\":{\"@id\":\"https:\\\/\\\/valenciasaa.salesianos.edu\\\/ampas\\\/#website\"},\"datePublished\":\"2026-06-15T08:16:20+00:00\",\"dateModified\":\"2026-06-15T08:16:23+00:00\",\"author\":{\"@id\":\"https:\\\/\\\/valenciasaa.salesianos.edu\\\/ampas\\\/#\\\/schema\\\/person\\\/8bc511db8949dc6f28160c52193688dd\"},\"breadcrumb\":{\"@id\":\"https:\\\/\\\/valenciasaa.salesianos.edu\\\/ampas\\\/el-ampas-de-salesianos-san-antonio-abad-presente-en-la-asamblea-general-de-fapasi\\\/#breadcrumb\"},\"inLanguage\":\"es\",\"potentialAction\":[{\"@type\":\"ReadAction\",\"target\":[\"https:\\\/\\\/valenciasaa.salesianos.edu\\\/ampas\\\/el-ampas-de-salesianos-san-antonio-abad-presente-en-la-asamblea-general-de-fapasi\\\/\"]}]},{\"@type\":\"BreadcrumbList\",\"@id\":\"https:\\\/\\\/valenciasaa.salesianos.edu\\\/ampas\\\/el-ampas-de-salesianos-san-antonio-abad-presente-en-la-asamblea-general-de-fapasi\\\/#breadcrumb\",\"itemListElement\":[{\"@type\":\"ListItem\",\"position\":1,\"name\":\"Portada\",\"item\":\"https:\\\/\\\/valenciasaa.salesianos.edu\\\/ampas\\\/\"},{\"@type\":\"ListItem\",\"position\":2,\"name\":\"El AMPAS de Salesianos San Antonio Abad presente en la Asamblea General de FAPASI\"}]},{\"@type\":\"WebSite\",\"@id\":\"https:\\\/\\\/valenciasaa.salesianos.edu\\\/ampas\\\/#website\",\"url\":\"https:\\\/\\\/valenciasaa.salesianos.edu\\\/ampas\\\/\",\"name\":\"AMPAS\",\"description\":\"P\u00e1gina oficial de Salesianos San Antonio Abad Valencia\",\"potentialAction\":[{\"@type\":\"SearchAction\",\"target\":{\"@type\":\"EntryPoint\",\"urlTemplate\":\"https:\\\/\\\/valenciasaa.salesianos.edu\\\/ampas\\\/?s={search_term_string}\"},\"query-input\":{\"@type\":\"PropertyValueSpecification\",\"valueRequired\":true,\"valueName\":\"search_term_string\"}}],\"inLanguage\":\"es\"},{\"@type\":\"Person\",\"@id\":\"https:\\\/\\\/valenciasaa.salesianos.edu\\\/ampas\\\/#\\\/schema\\\/person\\\/8bc511db8949dc6f28160c52193688dd\",\"name\":\"cesarcorrecher\",\"image\":{\"@type\":\"ImageObject\",\"inLanguage\":\"es\",\"@id\":\"https:\\\/\\\/secure.gravatar.com\\\/avatar\\\/cfcad19402b78d21797dff1df642863f2ef4620d4e727323f4eba0fd0a1935b2?s=96&d=mm&r=g\",\"url\":\"https:\\\/\\\/secure.gravatar.com\\\/avatar\\\/cfcad19402b78d21797dff1df642863f2ef4620d4e727323f4eba0fd0a1935b2?s=96&d=mm&r=g\",\"contentUrl\":\"https:\\\/\\\/secure.gravatar.com\\\/avatar\\\/cfcad19402b78d21797dff1df642863f2ef4620d4e727323f4eba0fd0a1935b2?s=96&d=mm&r=g\",\"caption\":\"cesarcorrecher\"}}]}<\/script>\n<!-- \/ Yoast SEO plugin. -->","yoast_head_json":{"title":"El AMPAS de Salesianos San Antonio Abad presente en la Asamblea General de FAPASI - AMPAS","robots":{"index":"index","follow":"follow","max-snippet":"max-snippet:-1","max-image-preview":"max-image-preview:large","max-video-preview":"max-video-preview:-1"},"canonical":"https:\/\/valenciasaa.salesianos.edu\/ampas\/el-ampas-de-salesianos-san-antonio-abad-presente-en-la-asamblea-general-de-fapasi\/","og_locale":"es_ES","og_type":"article","og_title":"El AMPAS de Salesianos San Antonio Abad presente en la Asamblea General de FAPASI - AMPAS","og_description":"AMPAS La junta directiva del AMPAS del Colegio Salesianos San Antonio Abad particip\u00f3 el pasado 13 de diciembre en la Asamblea General de FAPASI, celebrada en Godelleta. Este encuentro reuni\u00f3 a representantes de la mayor\u00eda de las AMPAS salesianas en un ambiente de convivencia y fraternidad, y supuso una nueva oportunidad para compartir experiencias y [&hellip;]","og_url":"https:\/\/valenciasaa.salesianos.edu\/ampas\/el-ampas-de-salesianos-san-antonio-abad-presente-en-la-asamblea-general-de-fapasi\/","og_site_name":"AMPAS","article_published_time":"2026-06-15T08:16:20+00:00","article_modified_time":"2026-06-15T08:16:23+00:00","author":"cesarcorrecher","twitter_card":"summary_large_image","twitter_misc":{"Escrito por":"cesarcorrecher","Tiempo de lectura":"2 minutos"},"schema":{"@context":"https:\/\/schema.org","@graph":[{"@type":"Article","@id":"https:\/\/valenciasaa.salesianos.edu\/ampas\/el-ampas-de-salesianos-san-antonio-abad-presente-en-la-asamblea-general-de-fapasi\/#article","isPartOf":{"@id":"https:\/\/valenciasaa.salesianos.edu\/ampas\/el-ampas-de-salesianos-san-antonio-abad-presente-en-la-asamblea-general-de-fapasi\/"},"author":{"name":"cesarcorrecher","@id":"https:\/\/valenciasaa.salesianos.edu\/ampas\/#\/schema\/person\/8bc511db8949dc6f28160c52193688dd"},"headline":"El AMPAS de Salesianos San Antonio Abad presente en la Asamblea General de FAPASI","datePublished":"2026-06-15T08:16:20+00:00","dateModified":"2026-06-15T08:16:23+00:00","mainEntityOfPage":{"@id":"https:\/\/valenciasaa.salesianos.edu\/ampas\/el-ampas-de-salesianos-san-antonio-abad-presente-en-la-asamblea-general-de-fapasi\/"},"wordCount":561,"commentCount":0,"articleSection":["AMPAS"],"inLanguage":"es","potentialAction":[{"@type":"CommentAction","name":"Comment","target":["https:\/\/valenciasaa.salesianos.edu\/ampas\/el-ampas-de-salesianos-san-antonio-abad-presente-en-la-asamblea-general-de-fapasi\/#respond"]}]},{"@type":"WebPage","@id":"https:\/\/valenciasaa.salesianos.edu\/ampas\/el-ampas-de-salesianos-san-antonio-abad-presente-en-la-asamblea-general-de-fapasi\/","url":"https:\/\/valenciasaa.salesianos.edu\/ampas\/el-ampas-de-salesianos-san-antonio-abad-presente-en-la-asamblea-general-de-fapasi\/","name":"El AMPAS de Salesianos San Antonio Abad presente en la Asamblea General de FAPASI - AMPAS","isPartOf":{"@id":"https:\/\/valenciasaa.salesianos.edu\/ampas\/#website"},"datePublished":"2026-06-15T08:16:20+00:00","dateModified":"2026-06-15T08:16:23+00:00","author":{"@id":"https:\/\/valenciasaa.salesianos.edu\/ampas\/#\/schema\/person\/8bc511db8949dc6f28160c52193688dd"},"breadcrumb":{"@id":"https:\/\/valenciasaa.salesianos.edu\/ampas\/el-ampas-de-salesianos-san-antonio-abad-presente-en-la-asamblea-general-de-fapasi\/#breadcrumb"},"inLanguage":"es","potentialAction":[{"@type":"ReadAction","target":["https:\/\/valenciasaa.salesianos.edu\/ampas\/el-ampas-de-salesianos-san-antonio-abad-presente-en-la-asamblea-general-de-fapasi\/"]}]},{"@type":"BreadcrumbList","@id":"https:\/\/valenciasaa.salesianos.edu\/ampas\/el-ampas-de-salesianos-san-antonio-abad-presente-en-la-asamblea-general-de-fapasi\/#breadcrumb","itemListElement":[{"@type":"ListItem","position":1,"name":"Portada","item":"https:\/\/valenciasaa.salesianos.edu\/ampas\/"},{"@type":"ListItem","position":2,"name":"El AMPAS de Salesianos San Antonio Abad presente en la Asamblea General de FAPASI"}]},{"@type":"WebSite","@id":"https:\/\/valenciasaa.salesianos.edu\/ampas\/#website","url":"https:\/\/valenciasaa.salesianos.edu\/ampas\/","name":"AMPAS","description":"P\u00e1gina oficial de Salesianos San Antonio Abad Valencia","potentialAction":[{"@type":"SearchAction","target":{"@type":"EntryPoint","urlTemplate":"https:\/\/valenciasaa.salesianos.edu\/ampas\/?s={search_term_string}"},"query-input":{"@type":"PropertyValueSpecification","valueRequired":true,"valueName":"search_term_string"}}],"inLanguage":"es"},{"@type":"Person","@id":"https:\/\/valenciasaa.salesianos.edu\/ampas\/#\/schema\/person\/8bc511db8949dc6f28160c52193688dd","name":"cesarcorrecher","image":{"@type":"ImageObject","inLanguage":"es","@id":"https:\/\/secure.gravatar.com\/avatar\/cfcad19402b78d21797dff1df642863f2ef4620d4e727323f4eba0fd0a1935b2?s=96&d=mm&r=g","url":"https:\/\/secure.gravatar.com\/avatar\/cfcad19402b78d21797dff1df642863f2ef4620d4e727323f4eba0fd0a1935b2?s=96&d=mm&r=g","contentUrl":"https:\/\/secure.gravatar.com\/avatar\/cfcad19402b78d21797dff1df642863f2ef4620d4e727323f4eba0fd0a1935b2?s=96&d=mm&r=g","caption":"cesarcorrecher"}}]}},"_links":{"self":[{"href":"https:\/\/valenciasaa.salesianos.edu\/ampas\/wp-json\/wp\/v2\/posts\/8686","targetHints":{"allow":["GET"]}}],"collection":[{"href":"https:\/\/valenciasaa.salesianos.edu\/ampas\/wp-json\/wp\/v2\/posts"}],"about":[{"href":"https:\/\/valenciasaa.salesianos.edu\/ampas\/wp-json\/wp\/v2\/types\/post"}],"author":[{"embeddable":true,"href":"https:\/\/valenciasaa.salesianos.edu\/ampas\/wp-json\/wp\/v2\/users\/9"}],"replies":[{"embeddable":true,"href":"https:\/\/valenciasaa.salesianos.edu\/ampas\/wp-json\/wp\/v2\/comments?post=8686"}],"version-history":[{"count":2,"href":"https:\/\/valenciasaa.salesianos.edu\/ampas\/wp-json\/wp\/v2\/posts\/8686\/revisions"}],"predecessor-version":[{"id":8689,"href":"https:\/\/valenciasaa.salesianos.edu\/ampas\/wp-json\/wp\/v2\/posts\/8686\/revisions\/8689"}],"wp:attachment":[{"href":"https:\/\/valenciasaa.salesianos.edu\/ampas\/wp-json\/wp\/v2\/media?parent=8686"}],"wp:term":[{"taxonomy":"category","embeddable":true,"href":"https:\/\/valenciasaa.salesianos.edu\/ampas\/wp-json\/wp\/v2\/categories?post=8686"},{"taxonomy":"post_tag","embeddable":true,"href":"https:\/\/valenciasaa.salesianos.edu\/ampas\/wp-json\/wp\/v2\/tags?post=8686"}],"curies":[{"name":"wp","href":"https:\/\/api.w.org\/{rel}","templated":true}]}}