{"id":8705,"date":"2026-06-15T11:21:29","date_gmt":"2026-06-15T09:21:29","guid":{"rendered":"https:\/\/valenciasaa.salesianos.edu\/ampas\/?p=8705"},"modified":"2026-06-15T11:21:32","modified_gmt":"2026-06-15T09:21:32","slug":"el-ciberacoso-y-la-seguridad-en-internet-una-nueva-jornada-de-escuela-de-familias","status":"publish","type":"post","link":"https:\/\/valenciasaa.salesianos.edu\/ampas\/el-ciberacoso-y-la-seguridad-en-internet-una-nueva-jornada-de-escuela-de-familias\/","title":{"rendered":"El ciberacoso y la seguridad en internet, una nueva jornada de Escuela de Familias."},"content":{"rendered":"<p>[et_pb_section fb_built=\u00bb1&#8243; admin_label=\u00bbsection\u00bb _builder_version=\u00bb4.16&#8243; global_colors_info=\u00bb{}\u00bb theme_builder_area=\u00bbpost_content\u00bb][et_pb_row admin_label=\u00bbrow\u00bb _builder_version=\u00bb4.16&#8243; background_size=\u00bbinitial\u00bb background_position=\u00bbtop_left\u00bb background_repeat=\u00bbrepeat\u00bb global_colors_info=\u00bb{}\u00bb column_structure=\u00bb2_3,1_3&#8243; theme_builder_area=\u00bbpost_content\u00bb][et_pb_column type=\u00bb2_3&#8243; _builder_version=\u00bb4.16&#8243; custom_padding=\u00bb|||\u00bb global_colors_info=\u00bb{}\u00bb custom_padding__hover=\u00bb|||\u00bb theme_builder_area=\u00bbpost_content\u00bb][et_pb_text admin_label=\u00bbAutor\u00bb _builder_version=\u00bb4.27.6&#8243; background_size=\u00bbinitial\u00bb background_position=\u00bbtop_left\u00bb background_repeat=\u00bbrepeat\u00bb hover_enabled=\u00bb0&#8243; use_border_color=\u00bboff\u00bb border_color=\u00bb#ffffff\u00bb border_style=\u00bbsolid\u00bb global_colors_info=\u00bb{}\u00bb theme_builder_area=\u00bbpost_content\u00bb sticky_enabled=\u00bb0&#8243;]<\/p>\n<p>AMPAS<\/p>\n<p>[\/et_pb_text][et_pb_text admin_label=\u00bbEntradilla\u00bb _builder_version=\u00bb4.27.6&#8243; text_font=\u00bb|on|||\u00bb text_text_color=\u00bb#e02b20&#8243; background_size=\u00bbinitial\u00bb background_position=\u00bbtop_left\u00bb background_repeat=\u00bbrepeat\u00bb text_orientation=\u00bbjustified\u00bb hover_enabled=\u00bb0&#8243; use_border_color=\u00bboff\u00bb border_color=\u00bb#ffffff\u00bb border_style=\u00bbsolid\u00bb global_colors_info=\u00bb{}\u00bb theme_builder_area=\u00bbpost_content\u00bb sticky_enabled=\u00bb0&#8243;]<\/p>\n<p>El pasado mi\u00e9rcoles 6 de mayo, el AMPAS del Colegio Salesianos San Antonio Abad celebr\u00f3 una nueva sesi\u00f3n de su programa Escuela de Familias, centrada en el ciberacoso y la seguridad en internet.<\/p>\n<p>[\/et_pb_text][et_pb_text admin_label=\u00bbDesarrollo\u00bb _builder_version=\u00bb4.27.6&#8243; background_size=\u00bbinitial\u00bb background_position=\u00bbtop_left\u00bb background_repeat=\u00bbrepeat\u00bb text_orientation=\u00bbjustified\u00bb hover_enabled=\u00bb0&#8243; use_border_color=\u00bboff\u00bb border_color=\u00bb#ffffff\u00bb border_style=\u00bbsolid\u00bb global_colors_info=\u00bb{}\u00bb theme_builder_area=\u00bbpost_content\u00bb sticky_enabled=\u00bb0&#8243;]<\/p>\n<p>De la mano de la polic\u00eda local de Valencia, hemos compartido un espacio donde se ha podido reflexionar sobre el uso de RRSS y sus peligros, la identidad digital, y situaciones reales que pueden afectar a nuestros hijos e hijas en el entorno digital.<\/p>\n<p>Como siempre en las jornadas de Escuelas de Familias, previamente hemos podido disfrutar de un peque\u00f1o refrigerio gracias al AMPAS, as\u00ed como un espacio de ludoteca para los peques, intentando as\u00ed que los padres puedan disfrutar m\u00e1s atentamente de las charlas ofrecidas.<\/p>\n<p>Queremos agradecer profundamente a Eva, agente de la polic\u00eda local de Valencia por esta interesante charla impartida y su dedicaci\u00f3n a ella.<\/p>\n<p>Desde el AMPAS agradecemos la participaci\u00f3n de las familias y reafirmamos nuestro compromiso de seguir ofreciendo espacios de formaci\u00f3n y acompa\u00f1amiento a trav\u00e9s del programa Escuela de Familias.<\/p>\n<p>[\/et_pb_text][\/et_pb_column][et_pb_column type=\u00bb1_3&#8243; _builder_version=\u00bb4.16&#8243; custom_padding=\u00bb|||\u00bb global_colors_info=\u00bb{}\u00bb custom_padding__hover=\u00bb|||\u00bb theme_builder_area=\u00bbpost_content\u00bb][et_pb_gallery gallery_ids=\u00bb465,466,467,468,8708,8709&#8243; posts_number=\u00bb6&#8243; show_title_and_caption=\u00bboff\u00bb zoom_icon_color=\u00bb#d12525&#8243; hover_icon=\u00bb&#x49;||divi||400&#8243; admin_label=\u00bbGaler\u00eda\u00bb _builder_version=\u00bb4.27.6&#8243; hover_enabled=\u00bb0&#8243; use_border_color=\u00bboff\u00bb border_color=\u00bb#ffffff\u00bb border_style=\u00bbsolid\u00bb global_colors_info=\u00bb{}\u00bb theme_builder_area=\u00bbpost_content\u00bb sticky_enabled=\u00bb0&#8243;] [\/et_pb_gallery][\/et_pb_column][\/et_pb_row][\/et_pb_section]<\/p>\n","protected":false},"excerpt":{"rendered":"<p>AMPASEl pasado mi\u00e9rcoles 6 de mayo, el AMPAS del Colegio Salesianos San Antonio Abad celebr\u00f3 una nueva sesi\u00f3n de su programa Escuela de Familias, centrada en el ciberacoso y la seguridad en internet.De la mano de la polic\u00eda local de Valencia, hemos compartido un espacio donde se ha podido reflexionar sobre el uso de RRSS [&hellip;]<\/p>\n","protected":false},"author":9,"featured_media":0,"comment_status":"open","ping_status":"open","sticky":false,"template":"","format":"standard","meta":{"_et_pb_use_builder":"on","_et_pb_old_content":"","_et_gb_content_width":"","footnotes":""},"categories":[37],"tags":[],"class_list":["post-8705","post","type-post","status-publish","format-standard","hentry","category-ampas"],"yoast_head":"<!-- This site is optimized with the Yoast SEO plugin v28.4 - https:\/\/yoast.com\/product\/yoast-seo-wordpress\/ -->\n<title>El ciberacoso y la seguridad en internet, una nueva jornada de Escuela de Familias. - AMPAS<\/title>\n<meta name=\"robots\" content=\"index, follow, max-snippet:-1, max-image-preview:large, max-video-preview:-1\" \/>\n<link rel=\"canonical\" href=\"https:\/\/valenciasaa.salesianos.edu\/ampas\/el-ciberacoso-y-la-seguridad-en-internet-una-nueva-jornada-de-escuela-de-familias\/\" \/>\n<meta property=\"og:locale\" content=\"es_ES\" \/>\n<meta property=\"og:type\" content=\"article\" \/>\n<meta property=\"og:title\" content=\"El ciberacoso y la seguridad en internet, una nueva jornada de Escuela de Familias. - AMPAS\" \/>\n<meta property=\"og:description\" content=\"AMPASEl pasado mi\u00e9rcoles 6 de mayo, el AMPAS del Colegio Salesianos San Antonio Abad celebr\u00f3 una nueva sesi\u00f3n de su programa Escuela de Familias, centrada en el ciberacoso y la seguridad en internet.De la mano de la polic\u00eda local de Valencia, hemos compartido un espacio donde se ha podido reflexionar sobre el uso de RRSS [&hellip;]\" \/>\n<meta property=\"og:url\" content=\"https:\/\/valenciasaa.salesianos.edu\/ampas\/el-ciberacoso-y-la-seguridad-en-internet-una-nueva-jornada-de-escuela-de-familias\/\" \/>\n<meta property=\"og:site_name\" content=\"AMPAS\" \/>\n<meta property=\"article:published_time\" content=\"2026-06-15T09:21:29+00:00\" \/>\n<meta property=\"article:modified_time\" content=\"2026-06-15T09:21:32+00:00\" \/>\n<meta name=\"author\" content=\"cesarcorrecher\" \/>\n<meta name=\"twitter:card\" content=\"summary_large_image\" \/>\n<meta name=\"twitter:label1\" content=\"Escrito por\" \/>\n\t<meta name=\"twitter:data1\" content=\"cesarcorrecher\" \/>\n\t<meta name=\"twitter:label2\" content=\"Tiempo de lectura\" \/>\n\t<meta name=\"twitter:data2\" content=\"2 minutos\" \/>\n<script type=\"application\/ld+json\" class=\"yoast-schema-graph\">{\"@context\":\"https:\\\/\\\/schema.org\",\"@graph\":[{\"@type\":\"Article\",\"@id\":\"https:\\\/\\\/valenciasaa.salesianos.edu\\\/ampas\\\/el-ciberacoso-y-la-seguridad-en-internet-una-nueva-jornada-de-escuela-de-familias\\\/#article\",\"isPartOf\":{\"@id\":\"https:\\\/\\\/valenciasaa.salesianos.edu\\\/ampas\\\/el-ciberacoso-y-la-seguridad-en-internet-una-nueva-jornada-de-escuela-de-familias\\\/\"},\"author\":{\"name\":\"cesarcorrecher\",\"@id\":\"https:\\\/\\\/valenciasaa.salesianos.edu\\\/ampas\\\/#\\\/schema\\\/person\\\/8bc511db8949dc6f28160c52193688dd\"},\"headline\":\"El ciberacoso y la seguridad en internet, una nueva jornada de Escuela de Familias.\",\"datePublished\":\"2026-06-15T09:21:29+00:00\",\"dateModified\":\"2026-06-15T09:21:32+00:00\",\"mainEntityOfPage\":{\"@id\":\"https:\\\/\\\/valenciasaa.salesianos.edu\\\/ampas\\\/el-ciberacoso-y-la-seguridad-en-internet-una-nueva-jornada-de-escuela-de-familias\\\/\"},\"wordCount\":484,\"commentCount\":0,\"articleSection\":[\"AMPAS\"],\"inLanguage\":\"es\",\"potentialAction\":[{\"@type\":\"CommentAction\",\"name\":\"Comment\",\"target\":[\"https:\\\/\\\/valenciasaa.salesianos.edu\\\/ampas\\\/el-ciberacoso-y-la-seguridad-en-internet-una-nueva-jornada-de-escuela-de-familias\\\/#respond\"]}]},{\"@type\":\"WebPage\",\"@id\":\"https:\\\/\\\/valenciasaa.salesianos.edu\\\/ampas\\\/el-ciberacoso-y-la-seguridad-en-internet-una-nueva-jornada-de-escuela-de-familias\\\/\",\"url\":\"https:\\\/\\\/valenciasaa.salesianos.edu\\\/ampas\\\/el-ciberacoso-y-la-seguridad-en-internet-una-nueva-jornada-de-escuela-de-familias\\\/\",\"name\":\"El ciberacoso y la seguridad en internet, una nueva jornada de Escuela de Familias. - AMPAS\",\"isPartOf\":{\"@id\":\"https:\\\/\\\/valenciasaa.salesianos.edu\\\/ampas\\\/#website\"},\"datePublished\":\"2026-06-15T09:21:29+00:00\",\"dateModified\":\"2026-06-15T09:21:32+00:00\",\"author\":{\"@id\":\"https:\\\/\\\/valenciasaa.salesianos.edu\\\/ampas\\\/#\\\/schema\\\/person\\\/8bc511db8949dc6f28160c52193688dd\"},\"breadcrumb\":{\"@id\":\"https:\\\/\\\/valenciasaa.salesianos.edu\\\/ampas\\\/el-ciberacoso-y-la-seguridad-en-internet-una-nueva-jornada-de-escuela-de-familias\\\/#breadcrumb\"},\"inLanguage\":\"es\",\"potentialAction\":[{\"@type\":\"ReadAction\",\"target\":[\"https:\\\/\\\/valenciasaa.salesianos.edu\\\/ampas\\\/el-ciberacoso-y-la-seguridad-en-internet-una-nueva-jornada-de-escuela-de-familias\\\/\"]}]},{\"@type\":\"BreadcrumbList\",\"@id\":\"https:\\\/\\\/valenciasaa.salesianos.edu\\\/ampas\\\/el-ciberacoso-y-la-seguridad-en-internet-una-nueva-jornada-de-escuela-de-familias\\\/#breadcrumb\",\"itemListElement\":[{\"@type\":\"ListItem\",\"position\":1,\"name\":\"Portada\",\"item\":\"https:\\\/\\\/valenciasaa.salesianos.edu\\\/ampas\\\/\"},{\"@type\":\"ListItem\",\"position\":2,\"name\":\"El ciberacoso y la seguridad en internet, una nueva jornada de Escuela de Familias.\"}]},{\"@type\":\"WebSite\",\"@id\":\"https:\\\/\\\/valenciasaa.salesianos.edu\\\/ampas\\\/#website\",\"url\":\"https:\\\/\\\/valenciasaa.salesianos.edu\\\/ampas\\\/\",\"name\":\"AMPAS\",\"description\":\"P\u00e1gina oficial de Salesianos San Antonio Abad Valencia\",\"potentialAction\":[{\"@type\":\"SearchAction\",\"target\":{\"@type\":\"EntryPoint\",\"urlTemplate\":\"https:\\\/\\\/valenciasaa.salesianos.edu\\\/ampas\\\/?s={search_term_string}\"},\"query-input\":{\"@type\":\"PropertyValueSpecification\",\"valueRequired\":true,\"valueName\":\"search_term_string\"}}],\"inLanguage\":\"es\"},{\"@type\":\"Person\",\"@id\":\"https:\\\/\\\/valenciasaa.salesianos.edu\\\/ampas\\\/#\\\/schema\\\/person\\\/8bc511db8949dc6f28160c52193688dd\",\"name\":\"cesarcorrecher\",\"image\":{\"@type\":\"ImageObject\",\"inLanguage\":\"es\",\"@id\":\"https:\\\/\\\/secure.gravatar.com\\\/avatar\\\/cfcad19402b78d21797dff1df642863f2ef4620d4e727323f4eba0fd0a1935b2?s=96&d=mm&r=g\",\"url\":\"https:\\\/\\\/secure.gravatar.com\\\/avatar\\\/cfcad19402b78d21797dff1df642863f2ef4620d4e727323f4eba0fd0a1935b2?s=96&d=mm&r=g\",\"contentUrl\":\"https:\\\/\\\/secure.gravatar.com\\\/avatar\\\/cfcad19402b78d21797dff1df642863f2ef4620d4e727323f4eba0fd0a1935b2?s=96&d=mm&r=g\",\"caption\":\"cesarcorrecher\"}}]}<\/script>\n<!-- \/ Yoast SEO plugin. -->","yoast_head_json":{"title":"El ciberacoso y la seguridad en internet, una nueva jornada de Escuela de Familias. - AMPAS","robots":{"index":"index","follow":"follow","max-snippet":"max-snippet:-1","max-image-preview":"max-image-preview:large","max-video-preview":"max-video-preview:-1"},"canonical":"https:\/\/valenciasaa.salesianos.edu\/ampas\/el-ciberacoso-y-la-seguridad-en-internet-una-nueva-jornada-de-escuela-de-familias\/","og_locale":"es_ES","og_type":"article","og_title":"El ciberacoso y la seguridad en internet, una nueva jornada de Escuela de Familias. - AMPAS","og_description":"AMPASEl pasado mi\u00e9rcoles 6 de mayo, el AMPAS del Colegio Salesianos San Antonio Abad celebr\u00f3 una nueva sesi\u00f3n de su programa Escuela de Familias, centrada en el ciberacoso y la seguridad en internet.De la mano de la polic\u00eda local de Valencia, hemos compartido un espacio donde se ha podido reflexionar sobre el uso de RRSS [&hellip;]","og_url":"https:\/\/valenciasaa.salesianos.edu\/ampas\/el-ciberacoso-y-la-seguridad-en-internet-una-nueva-jornada-de-escuela-de-familias\/","og_site_name":"AMPAS","article_published_time":"2026-06-15T09:21:29+00:00","article_modified_time":"2026-06-15T09:21:32+00:00","author":"cesarcorrecher","twitter_card":"summary_large_image","twitter_misc":{"Escrito por":"cesarcorrecher","Tiempo de lectura":"2 minutos"},"schema":{"@context":"https:\/\/schema.org","@graph":[{"@type":"Article","@id":"https:\/\/valenciasaa.salesianos.edu\/ampas\/el-ciberacoso-y-la-seguridad-en-internet-una-nueva-jornada-de-escuela-de-familias\/#article","isPartOf":{"@id":"https:\/\/valenciasaa.salesianos.edu\/ampas\/el-ciberacoso-y-la-seguridad-en-internet-una-nueva-jornada-de-escuela-de-familias\/"},"author":{"name":"cesarcorrecher","@id":"https:\/\/valenciasaa.salesianos.edu\/ampas\/#\/schema\/person\/8bc511db8949dc6f28160c52193688dd"},"headline":"El ciberacoso y la seguridad en internet, una nueva jornada de Escuela de Familias.","datePublished":"2026-06-15T09:21:29+00:00","dateModified":"2026-06-15T09:21:32+00:00","mainEntityOfPage":{"@id":"https:\/\/valenciasaa.salesianos.edu\/ampas\/el-ciberacoso-y-la-seguridad-en-internet-una-nueva-jornada-de-escuela-de-familias\/"},"wordCount":484,"commentCount":0,"articleSection":["AMPAS"],"inLanguage":"es","potentialAction":[{"@type":"CommentAction","name":"Comment","target":["https:\/\/valenciasaa.salesianos.edu\/ampas\/el-ciberacoso-y-la-seguridad-en-internet-una-nueva-jornada-de-escuela-de-familias\/#respond"]}]},{"@type":"WebPage","@id":"https:\/\/valenciasaa.salesianos.edu\/ampas\/el-ciberacoso-y-la-seguridad-en-internet-una-nueva-jornada-de-escuela-de-familias\/","url":"https:\/\/valenciasaa.salesianos.edu\/ampas\/el-ciberacoso-y-la-seguridad-en-internet-una-nueva-jornada-de-escuela-de-familias\/","name":"El ciberacoso y la seguridad en internet, una nueva jornada de Escuela de Familias. - AMPAS","isPartOf":{"@id":"https:\/\/valenciasaa.salesianos.edu\/ampas\/#website"},"datePublished":"2026-06-15T09:21:29+00:00","dateModified":"2026-06-15T09:21:32+00:00","author":{"@id":"https:\/\/valenciasaa.salesianos.edu\/ampas\/#\/schema\/person\/8bc511db8949dc6f28160c52193688dd"},"breadcrumb":{"@id":"https:\/\/valenciasaa.salesianos.edu\/ampas\/el-ciberacoso-y-la-seguridad-en-internet-una-nueva-jornada-de-escuela-de-familias\/#breadcrumb"},"inLanguage":"es","potentialAction":[{"@type":"ReadAction","target":["https:\/\/valenciasaa.salesianos.edu\/ampas\/el-ciberacoso-y-la-seguridad-en-internet-una-nueva-jornada-de-escuela-de-familias\/"]}]},{"@type":"BreadcrumbList","@id":"https:\/\/valenciasaa.salesianos.edu\/ampas\/el-ciberacoso-y-la-seguridad-en-internet-una-nueva-jornada-de-escuela-de-familias\/#breadcrumb","itemListElement":[{"@type":"ListItem","position":1,"name":"Portada","item":"https:\/\/valenciasaa.salesianos.edu\/ampas\/"},{"@type":"ListItem","position":2,"name":"El ciberacoso y la seguridad en internet, una nueva jornada de Escuela de Familias."}]},{"@type":"WebSite","@id":"https:\/\/valenciasaa.salesianos.edu\/ampas\/#website","url":"https:\/\/valenciasaa.salesianos.edu\/ampas\/","name":"AMPAS","description":"P\u00e1gina oficial de Salesianos San Antonio Abad Valencia","potentialAction":[{"@type":"SearchAction","target":{"@type":"EntryPoint","urlTemplate":"https:\/\/valenciasaa.salesianos.edu\/ampas\/?s={search_term_string}"},"query-input":{"@type":"PropertyValueSpecification","valueRequired":true,"valueName":"search_term_string"}}],"inLanguage":"es"},{"@type":"Person","@id":"https:\/\/valenciasaa.salesianos.edu\/ampas\/#\/schema\/person\/8bc511db8949dc6f28160c52193688dd","name":"cesarcorrecher","image":{"@type":"ImageObject","inLanguage":"es","@id":"https:\/\/secure.gravatar.com\/avatar\/cfcad19402b78d21797dff1df642863f2ef4620d4e727323f4eba0fd0a1935b2?s=96&d=mm&r=g","url":"https:\/\/secure.gravatar.com\/avatar\/cfcad19402b78d21797dff1df642863f2ef4620d4e727323f4eba0fd0a1935b2?s=96&d=mm&r=g","contentUrl":"https:\/\/secure.gravatar.com\/avatar\/cfcad19402b78d21797dff1df642863f2ef4620d4e727323f4eba0fd0a1935b2?s=96&d=mm&r=g","caption":"cesarcorrecher"}}]}},"_links":{"self":[{"href":"https:\/\/valenciasaa.salesianos.edu\/ampas\/wp-json\/wp\/v2\/posts\/8705","targetHints":{"allow":["GET"]}}],"collection":[{"href":"https:\/\/valenciasaa.salesianos.edu\/ampas\/wp-json\/wp\/v2\/posts"}],"about":[{"href":"https:\/\/valenciasaa.salesianos.edu\/ampas\/wp-json\/wp\/v2\/types\/post"}],"author":[{"embeddable":true,"href":"https:\/\/valenciasaa.salesianos.edu\/ampas\/wp-json\/wp\/v2\/users\/9"}],"replies":[{"embeddable":true,"href":"https:\/\/valenciasaa.salesianos.edu\/ampas\/wp-json\/wp\/v2\/comments?post=8705"}],"version-history":[{"count":2,"href":"https:\/\/valenciasaa.salesianos.edu\/ampas\/wp-json\/wp\/v2\/posts\/8705\/revisions"}],"predecessor-version":[{"id":8710,"href":"https:\/\/valenciasaa.salesianos.edu\/ampas\/wp-json\/wp\/v2\/posts\/8705\/revisions\/8710"}],"wp:attachment":[{"href":"https:\/\/valenciasaa.salesianos.edu\/ampas\/wp-json\/wp\/v2\/media?parent=8705"}],"wp:term":[{"taxonomy":"category","embeddable":true,"href":"https:\/\/valenciasaa.salesianos.edu\/ampas\/wp-json\/wp\/v2\/categories?post=8705"},{"taxonomy":"post_tag","embeddable":true,"href":"https:\/\/valenciasaa.salesianos.edu\/ampas\/wp-json\/wp\/v2\/tags?post=8705"}],"curies":[{"name":"wp","href":"https:\/\/api.w.org\/{rel}","templated":true}]}}