{"id":8717,"date":"2026-06-15T15:33:37","date_gmt":"2026-06-15T13:33:37","guid":{"rendered":"https:\/\/valenciasaa.salesianos.edu\/ampas\/?p=8717"},"modified":"2026-06-15T15:33:40","modified_gmt":"2026-06-15T13:33:40","slug":"ampas-organiza-un-taller-de-dibujo-manga-para-el-alumnado-de-5-o-y-6-o-de-primaria","status":"publish","type":"post","link":"https:\/\/valenciasaa.salesianos.edu\/ampas\/ampas-organiza-un-taller-de-dibujo-manga-para-el-alumnado-de-5-o-y-6-o-de-primaria\/","title":{"rendered":"AMPAS organiza un taller de dibujo manga para el alumnado de 5.\u00ba y 6.\u00ba de Primaria"},"content":{"rendered":"<p>[et_pb_section fb_built=\u00bb1&#8243; admin_label=\u00bbsection\u00bb _builder_version=\u00bb4.16&#8243; global_colors_info=\u00bb{}\u00bb theme_builder_area=\u00bbpost_content\u00bb][et_pb_row admin_label=\u00bbrow\u00bb _builder_version=\u00bb4.16&#8243; background_size=\u00bbinitial\u00bb background_position=\u00bbtop_left\u00bb background_repeat=\u00bbrepeat\u00bb global_colors_info=\u00bb{}\u00bb column_structure=\u00bb2_3,1_3&#8243; theme_builder_area=\u00bbpost_content\u00bb][et_pb_column type=\u00bb2_3&#8243; _builder_version=\u00bb4.16&#8243; custom_padding=\u00bb|||\u00bb global_colors_info=\u00bb{}\u00bb custom_padding__hover=\u00bb|||\u00bb theme_builder_area=\u00bbpost_content\u00bb][et_pb_text admin_label=\u00bbAutor\u00bb _builder_version=\u00bb4.27.6&#8243; background_size=\u00bbinitial\u00bb background_position=\u00bbtop_left\u00bb background_repeat=\u00bbrepeat\u00bb hover_enabled=\u00bb0&#8243; use_border_color=\u00bboff\u00bb border_color=\u00bb#ffffff\u00bb border_style=\u00bbsolid\u00bb global_colors_info=\u00bb{}\u00bb theme_builder_area=\u00bbpost_content\u00bb sticky_enabled=\u00bb0&#8243;]<\/p>\n<p>AMPAS<\/p>\n<p>[\/et_pb_text][et_pb_text admin_label=\u00bbEntradilla\u00bb _builder_version=\u00bb4.27.6&#8243; text_font=\u00bb|on|||\u00bb text_text_color=\u00bb#e02b20&#8243; background_size=\u00bbinitial\u00bb background_position=\u00bbtop_left\u00bb background_repeat=\u00bbrepeat\u00bb text_orientation=\u00bbjustified\u00bb hover_enabled=\u00bb0&#8243; use_border_color=\u00bboff\u00bb border_color=\u00bb#ffffff\u00bb border_style=\u00bbsolid\u00bb global_colors_info=\u00bb{}\u00bb theme_builder_area=\u00bbpost_content\u00bb sticky_enabled=\u00bb0&#8243;]<\/p>\n<p>El AMPAS del Colegio Salesianos San Antonio Abad organiz\u00f3 los pasados lunes 17 y martes 18 de noviembre un taller de dibujo manga, dirigido al alumnado desde 5.\u00ba de Educaci\u00f3n Primaria hasta Bachillerato, que se desarroll\u00f3 en la biblioteca del centro en horario de tarde.<\/p>\n<p>[\/et_pb_text][et_pb_text admin_label=\u00bbDesarrollo\u00bb _builder_version=\u00bb4.27.6&#8243; background_size=\u00bbinitial\u00bb background_position=\u00bbtop_left\u00bb background_repeat=\u00bbrepeat\u00bb text_orientation=\u00bbjustified\u00bb hover_enabled=\u00bb0&#8243; use_border_color=\u00bboff\u00bb border_color=\u00bb#ffffff\u00bb border_style=\u00bbsolid\u00bb global_colors_info=\u00bb{}\u00bb theme_builder_area=\u00bbpost_content\u00bb sticky_enabled=\u00bb0&#8243;]<\/p>\n<p>La actividad fue impartida por Javi Tordera S\u00e1nchez (@javitordera.art), artista digital y creador de contenido especializado en ilustraci\u00f3n de personajes, concept art y animaci\u00f3n 2D, con una amplia trayectoria en el \u00e1mbito del dibujo estilo c\u00f3mic, manga y videojuegos, adem\u00e1s de una destacada presencia en redes sociales y colaboraciones en distintos proyectos creativos.<\/p>\n<p>Durante las dos jornadas, el alumnado participante pudo iniciarse en las claves b\u00e1sicas del dise\u00f1o de personajes manga, trabajando el dibujo paso a paso a trav\u00e9s del l\u00e1piz y el papel. A lo largo del taller se abordaron aspectos como las proporciones, las expresiones faciales, los trazos caracter\u00edsticos y la construcci\u00f3n de personajes, fomentando la creatividad y la experimentaci\u00f3n art\u00edstica.<\/p>\n<p>El formato del taller permiti\u00f3 un aprendizaje pr\u00e1ctico y cercano, resolviendo dudas en directo y adaptando las explicaciones al ritmo del grupo. Adem\u00e1s, el ambiente participativo facilit\u00f3 que los alumnos y alumnas disfrutaran de una experiencia l\u00fadica y formativa, acerc\u00e1ndose al mundo de la ilustraci\u00f3n desde una perspectiva creativa y motivadora.<\/p>\n<p>Con este tipo de iniciativas, el AMPAS contin\u00faa apostando por actividades de ocio educativo que favorecen la creatividad, la imaginaci\u00f3n, la autoestima y el desarrollo de habilidades art\u00edsticas entre el alumnado del centro, ofreciendo espacios alternativos de aprendizaje m\u00e1s all\u00e1 del aula.<\/p>\n<p>Desde el AMPAS agradecemos la participaci\u00f3n de las familias y la colaboraci\u00f3n de Javi Tordera, as\u00ed como la buena acogida que ha tenido esta actividad entre el alumnado.<\/p>\n<p>[\/et_pb_text][\/et_pb_column][et_pb_column type=\u00bb1_3&#8243; _builder_version=\u00bb4.16&#8243; custom_padding=\u00bb|||\u00bb global_colors_info=\u00bb{}\u00bb custom_padding__hover=\u00bb|||\u00bb theme_builder_area=\u00bbpost_content\u00bb][et_pb_gallery gallery_ids=\u00bb465,466,467,468,8720,8721&#8243; posts_number=\u00bb6&#8243; show_title_and_caption=\u00bboff\u00bb zoom_icon_color=\u00bb#d12525&#8243; hover_icon=\u00bb&#x49;||divi||400&#8243; admin_label=\u00bbGaler\u00eda\u00bb _builder_version=\u00bb4.27.6&#8243; hover_enabled=\u00bb0&#8243; use_border_color=\u00bboff\u00bb border_color=\u00bb#ffffff\u00bb border_style=\u00bbsolid\u00bb global_colors_info=\u00bb{}\u00bb theme_builder_area=\u00bbpost_content\u00bb sticky_enabled=\u00bb0&#8243;] [\/et_pb_gallery][\/et_pb_column][\/et_pb_row][\/et_pb_section]<\/p>\n","protected":false},"excerpt":{"rendered":"<p>AMPASEl AMPAS del Colegio Salesianos San Antonio Abad organiz\u00f3 los pasados lunes 17 y martes 18 de noviembre un taller de dibujo manga, dirigido al alumnado desde 5.\u00ba de Educaci\u00f3n Primaria hasta Bachillerato, que se desarroll\u00f3 en la biblioteca del centro en horario de tarde.La actividad fue impartida por Javi Tordera S\u00e1nchez (@javitordera.art), artista digital [&hellip;]<\/p>\n","protected":false},"author":9,"featured_media":0,"comment_status":"open","ping_status":"open","sticky":false,"template":"","format":"standard","meta":{"_et_pb_use_builder":"on","_et_pb_old_content":"","_et_gb_content_width":"","footnotes":""},"categories":[37],"tags":[],"class_list":["post-8717","post","type-post","status-publish","format-standard","hentry","category-ampas"],"yoast_head":"<!-- This site is optimized with the Yoast SEO plugin v28.4 - https:\/\/yoast.com\/product\/yoast-seo-wordpress\/ -->\n<title>AMPAS organiza un taller de dibujo manga para el alumnado de 5.\u00ba y 6.\u00ba de Primaria - AMPAS<\/title>\n<meta name=\"robots\" content=\"index, follow, max-snippet:-1, max-image-preview:large, max-video-preview:-1\" \/>\n<link rel=\"canonical\" href=\"https:\/\/valenciasaa.salesianos.edu\/ampas\/ampas-organiza-un-taller-de-dibujo-manga-para-el-alumnado-de-5-o-y-6-o-de-primaria\/\" \/>\n<meta property=\"og:locale\" content=\"es_ES\" \/>\n<meta property=\"og:type\" content=\"article\" \/>\n<meta property=\"og:title\" content=\"AMPAS organiza un taller de dibujo manga para el alumnado de 5.\u00ba y 6.\u00ba de Primaria - AMPAS\" \/>\n<meta property=\"og:description\" content=\"AMPASEl AMPAS del Colegio Salesianos San Antonio Abad organiz\u00f3 los pasados lunes 17 y martes 18 de noviembre un taller de dibujo manga, dirigido al alumnado desde 5.\u00ba de Educaci\u00f3n Primaria hasta Bachillerato, que se desarroll\u00f3 en la biblioteca del centro en horario de tarde.La actividad fue impartida por Javi Tordera S\u00e1nchez (@javitordera.art), artista digital [&hellip;]\" \/>\n<meta property=\"og:url\" content=\"https:\/\/valenciasaa.salesianos.edu\/ampas\/ampas-organiza-un-taller-de-dibujo-manga-para-el-alumnado-de-5-o-y-6-o-de-primaria\/\" \/>\n<meta property=\"og:site_name\" content=\"AMPAS\" \/>\n<meta property=\"article:published_time\" content=\"2026-06-15T13:33:37+00:00\" \/>\n<meta property=\"article:modified_time\" content=\"2026-06-15T13:33:40+00:00\" \/>\n<meta name=\"author\" content=\"cesarcorrecher\" \/>\n<meta name=\"twitter:card\" content=\"summary_large_image\" \/>\n<meta name=\"twitter:label1\" content=\"Escrito por\" \/>\n\t<meta name=\"twitter:data1\" content=\"cesarcorrecher\" \/>\n\t<meta name=\"twitter:label2\" content=\"Tiempo de lectura\" \/>\n\t<meta name=\"twitter:data2\" content=\"2 minutos\" \/>\n<script type=\"application\/ld+json\" class=\"yoast-schema-graph\">{\"@context\":\"https:\\\/\\\/schema.org\",\"@graph\":[{\"@type\":\"Article\",\"@id\":\"https:\\\/\\\/valenciasaa.salesianos.edu\\\/ampas\\\/ampas-organiza-un-taller-de-dibujo-manga-para-el-alumnado-de-5-o-y-6-o-de-primaria\\\/#article\",\"isPartOf\":{\"@id\":\"https:\\\/\\\/valenciasaa.salesianos.edu\\\/ampas\\\/ampas-organiza-un-taller-de-dibujo-manga-para-el-alumnado-de-5-o-y-6-o-de-primaria\\\/\"},\"author\":{\"name\":\"cesarcorrecher\",\"@id\":\"https:\\\/\\\/valenciasaa.salesianos.edu\\\/ampas\\\/#\\\/schema\\\/person\\\/8bc511db8949dc6f28160c52193688dd\"},\"headline\":\"AMPAS organiza un taller de dibujo manga para el alumnado de 5.\u00ba y 6.\u00ba de Primaria\",\"datePublished\":\"2026-06-15T13:33:37+00:00\",\"dateModified\":\"2026-06-15T13:33:40+00:00\",\"mainEntityOfPage\":{\"@id\":\"https:\\\/\\\/valenciasaa.salesianos.edu\\\/ampas\\\/ampas-organiza-un-taller-de-dibujo-manga-para-el-alumnado-de-5-o-y-6-o-de-primaria\\\/\"},\"wordCount\":607,\"commentCount\":0,\"articleSection\":[\"AMPAS\"],\"inLanguage\":\"es\",\"potentialAction\":[{\"@type\":\"CommentAction\",\"name\":\"Comment\",\"target\":[\"https:\\\/\\\/valenciasaa.salesianos.edu\\\/ampas\\\/ampas-organiza-un-taller-de-dibujo-manga-para-el-alumnado-de-5-o-y-6-o-de-primaria\\\/#respond\"]}]},{\"@type\":\"WebPage\",\"@id\":\"https:\\\/\\\/valenciasaa.salesianos.edu\\\/ampas\\\/ampas-organiza-un-taller-de-dibujo-manga-para-el-alumnado-de-5-o-y-6-o-de-primaria\\\/\",\"url\":\"https:\\\/\\\/valenciasaa.salesianos.edu\\\/ampas\\\/ampas-organiza-un-taller-de-dibujo-manga-para-el-alumnado-de-5-o-y-6-o-de-primaria\\\/\",\"name\":\"AMPAS organiza un taller de dibujo manga para el alumnado de 5.\u00ba y 6.\u00ba de Primaria - AMPAS\",\"isPartOf\":{\"@id\":\"https:\\\/\\\/valenciasaa.salesianos.edu\\\/ampas\\\/#website\"},\"datePublished\":\"2026-06-15T13:33:37+00:00\",\"dateModified\":\"2026-06-15T13:33:40+00:00\",\"author\":{\"@id\":\"https:\\\/\\\/valenciasaa.salesianos.edu\\\/ampas\\\/#\\\/schema\\\/person\\\/8bc511db8949dc6f28160c52193688dd\"},\"breadcrumb\":{\"@id\":\"https:\\\/\\\/valenciasaa.salesianos.edu\\\/ampas\\\/ampas-organiza-un-taller-de-dibujo-manga-para-el-alumnado-de-5-o-y-6-o-de-primaria\\\/#breadcrumb\"},\"inLanguage\":\"es\",\"potentialAction\":[{\"@type\":\"ReadAction\",\"target\":[\"https:\\\/\\\/valenciasaa.salesianos.edu\\\/ampas\\\/ampas-organiza-un-taller-de-dibujo-manga-para-el-alumnado-de-5-o-y-6-o-de-primaria\\\/\"]}]},{\"@type\":\"BreadcrumbList\",\"@id\":\"https:\\\/\\\/valenciasaa.salesianos.edu\\\/ampas\\\/ampas-organiza-un-taller-de-dibujo-manga-para-el-alumnado-de-5-o-y-6-o-de-primaria\\\/#breadcrumb\",\"itemListElement\":[{\"@type\":\"ListItem\",\"position\":1,\"name\":\"Portada\",\"item\":\"https:\\\/\\\/valenciasaa.salesianos.edu\\\/ampas\\\/\"},{\"@type\":\"ListItem\",\"position\":2,\"name\":\"AMPAS organiza un taller de dibujo manga para el alumnado de 5.\u00ba y 6.\u00ba de Primaria\"}]},{\"@type\":\"WebSite\",\"@id\":\"https:\\\/\\\/valenciasaa.salesianos.edu\\\/ampas\\\/#website\",\"url\":\"https:\\\/\\\/valenciasaa.salesianos.edu\\\/ampas\\\/\",\"name\":\"AMPAS\",\"description\":\"P\u00e1gina oficial de Salesianos San Antonio Abad Valencia\",\"potentialAction\":[{\"@type\":\"SearchAction\",\"target\":{\"@type\":\"EntryPoint\",\"urlTemplate\":\"https:\\\/\\\/valenciasaa.salesianos.edu\\\/ampas\\\/?s={search_term_string}\"},\"query-input\":{\"@type\":\"PropertyValueSpecification\",\"valueRequired\":true,\"valueName\":\"search_term_string\"}}],\"inLanguage\":\"es\"},{\"@type\":\"Person\",\"@id\":\"https:\\\/\\\/valenciasaa.salesianos.edu\\\/ampas\\\/#\\\/schema\\\/person\\\/8bc511db8949dc6f28160c52193688dd\",\"name\":\"cesarcorrecher\",\"image\":{\"@type\":\"ImageObject\",\"inLanguage\":\"es\",\"@id\":\"https:\\\/\\\/secure.gravatar.com\\\/avatar\\\/cfcad19402b78d21797dff1df642863f2ef4620d4e727323f4eba0fd0a1935b2?s=96&d=mm&r=g\",\"url\":\"https:\\\/\\\/secure.gravatar.com\\\/avatar\\\/cfcad19402b78d21797dff1df642863f2ef4620d4e727323f4eba0fd0a1935b2?s=96&d=mm&r=g\",\"contentUrl\":\"https:\\\/\\\/secure.gravatar.com\\\/avatar\\\/cfcad19402b78d21797dff1df642863f2ef4620d4e727323f4eba0fd0a1935b2?s=96&d=mm&r=g\",\"caption\":\"cesarcorrecher\"}}]}<\/script>\n<!-- \/ Yoast SEO plugin. -->","yoast_head_json":{"title":"AMPAS organiza un taller de dibujo manga para el alumnado de 5.\u00ba y 6.\u00ba de Primaria - AMPAS","robots":{"index":"index","follow":"follow","max-snippet":"max-snippet:-1","max-image-preview":"max-image-preview:large","max-video-preview":"max-video-preview:-1"},"canonical":"https:\/\/valenciasaa.salesianos.edu\/ampas\/ampas-organiza-un-taller-de-dibujo-manga-para-el-alumnado-de-5-o-y-6-o-de-primaria\/","og_locale":"es_ES","og_type":"article","og_title":"AMPAS organiza un taller de dibujo manga para el alumnado de 5.\u00ba y 6.\u00ba de Primaria - AMPAS","og_description":"AMPASEl AMPAS del Colegio Salesianos San Antonio Abad organiz\u00f3 los pasados lunes 17 y martes 18 de noviembre un taller de dibujo manga, dirigido al alumnado desde 5.\u00ba de Educaci\u00f3n Primaria hasta Bachillerato, que se desarroll\u00f3 en la biblioteca del centro en horario de tarde.La actividad fue impartida por Javi Tordera S\u00e1nchez (@javitordera.art), artista digital [&hellip;]","og_url":"https:\/\/valenciasaa.salesianos.edu\/ampas\/ampas-organiza-un-taller-de-dibujo-manga-para-el-alumnado-de-5-o-y-6-o-de-primaria\/","og_site_name":"AMPAS","article_published_time":"2026-06-15T13:33:37+00:00","article_modified_time":"2026-06-15T13:33:40+00:00","author":"cesarcorrecher","twitter_card":"summary_large_image","twitter_misc":{"Escrito por":"cesarcorrecher","Tiempo de lectura":"2 minutos"},"schema":{"@context":"https:\/\/schema.org","@graph":[{"@type":"Article","@id":"https:\/\/valenciasaa.salesianos.edu\/ampas\/ampas-organiza-un-taller-de-dibujo-manga-para-el-alumnado-de-5-o-y-6-o-de-primaria\/#article","isPartOf":{"@id":"https:\/\/valenciasaa.salesianos.edu\/ampas\/ampas-organiza-un-taller-de-dibujo-manga-para-el-alumnado-de-5-o-y-6-o-de-primaria\/"},"author":{"name":"cesarcorrecher","@id":"https:\/\/valenciasaa.salesianos.edu\/ampas\/#\/schema\/person\/8bc511db8949dc6f28160c52193688dd"},"headline":"AMPAS organiza un taller de dibujo manga para el alumnado de 5.\u00ba y 6.\u00ba de Primaria","datePublished":"2026-06-15T13:33:37+00:00","dateModified":"2026-06-15T13:33:40+00:00","mainEntityOfPage":{"@id":"https:\/\/valenciasaa.salesianos.edu\/ampas\/ampas-organiza-un-taller-de-dibujo-manga-para-el-alumnado-de-5-o-y-6-o-de-primaria\/"},"wordCount":607,"commentCount":0,"articleSection":["AMPAS"],"inLanguage":"es","potentialAction":[{"@type":"CommentAction","name":"Comment","target":["https:\/\/valenciasaa.salesianos.edu\/ampas\/ampas-organiza-un-taller-de-dibujo-manga-para-el-alumnado-de-5-o-y-6-o-de-primaria\/#respond"]}]},{"@type":"WebPage","@id":"https:\/\/valenciasaa.salesianos.edu\/ampas\/ampas-organiza-un-taller-de-dibujo-manga-para-el-alumnado-de-5-o-y-6-o-de-primaria\/","url":"https:\/\/valenciasaa.salesianos.edu\/ampas\/ampas-organiza-un-taller-de-dibujo-manga-para-el-alumnado-de-5-o-y-6-o-de-primaria\/","name":"AMPAS organiza un taller de dibujo manga para el alumnado de 5.\u00ba y 6.\u00ba de Primaria - AMPAS","isPartOf":{"@id":"https:\/\/valenciasaa.salesianos.edu\/ampas\/#website"},"datePublished":"2026-06-15T13:33:37+00:00","dateModified":"2026-06-15T13:33:40+00:00","author":{"@id":"https:\/\/valenciasaa.salesianos.edu\/ampas\/#\/schema\/person\/8bc511db8949dc6f28160c52193688dd"},"breadcrumb":{"@id":"https:\/\/valenciasaa.salesianos.edu\/ampas\/ampas-organiza-un-taller-de-dibujo-manga-para-el-alumnado-de-5-o-y-6-o-de-primaria\/#breadcrumb"},"inLanguage":"es","potentialAction":[{"@type":"ReadAction","target":["https:\/\/valenciasaa.salesianos.edu\/ampas\/ampas-organiza-un-taller-de-dibujo-manga-para-el-alumnado-de-5-o-y-6-o-de-primaria\/"]}]},{"@type":"BreadcrumbList","@id":"https:\/\/valenciasaa.salesianos.edu\/ampas\/ampas-organiza-un-taller-de-dibujo-manga-para-el-alumnado-de-5-o-y-6-o-de-primaria\/#breadcrumb","itemListElement":[{"@type":"ListItem","position":1,"name":"Portada","item":"https:\/\/valenciasaa.salesianos.edu\/ampas\/"},{"@type":"ListItem","position":2,"name":"AMPAS organiza un taller de dibujo manga para el alumnado de 5.\u00ba y 6.\u00ba de Primaria"}]},{"@type":"WebSite","@id":"https:\/\/valenciasaa.salesianos.edu\/ampas\/#website","url":"https:\/\/valenciasaa.salesianos.edu\/ampas\/","name":"AMPAS","description":"P\u00e1gina oficial de Salesianos San Antonio Abad Valencia","potentialAction":[{"@type":"SearchAction","target":{"@type":"EntryPoint","urlTemplate":"https:\/\/valenciasaa.salesianos.edu\/ampas\/?s={search_term_string}"},"query-input":{"@type":"PropertyValueSpecification","valueRequired":true,"valueName":"search_term_string"}}],"inLanguage":"es"},{"@type":"Person","@id":"https:\/\/valenciasaa.salesianos.edu\/ampas\/#\/schema\/person\/8bc511db8949dc6f28160c52193688dd","name":"cesarcorrecher","image":{"@type":"ImageObject","inLanguage":"es","@id":"https:\/\/secure.gravatar.com\/avatar\/cfcad19402b78d21797dff1df642863f2ef4620d4e727323f4eba0fd0a1935b2?s=96&d=mm&r=g","url":"https:\/\/secure.gravatar.com\/avatar\/cfcad19402b78d21797dff1df642863f2ef4620d4e727323f4eba0fd0a1935b2?s=96&d=mm&r=g","contentUrl":"https:\/\/secure.gravatar.com\/avatar\/cfcad19402b78d21797dff1df642863f2ef4620d4e727323f4eba0fd0a1935b2?s=96&d=mm&r=g","caption":"cesarcorrecher"}}]}},"_links":{"self":[{"href":"https:\/\/valenciasaa.salesianos.edu\/ampas\/wp-json\/wp\/v2\/posts\/8717","targetHints":{"allow":["GET"]}}],"collection":[{"href":"https:\/\/valenciasaa.salesianos.edu\/ampas\/wp-json\/wp\/v2\/posts"}],"about":[{"href":"https:\/\/valenciasaa.salesianos.edu\/ampas\/wp-json\/wp\/v2\/types\/post"}],"author":[{"embeddable":true,"href":"https:\/\/valenciasaa.salesianos.edu\/ampas\/wp-json\/wp\/v2\/users\/9"}],"replies":[{"embeddable":true,"href":"https:\/\/valenciasaa.salesianos.edu\/ampas\/wp-json\/wp\/v2\/comments?post=8717"}],"version-history":[{"count":2,"href":"https:\/\/valenciasaa.salesianos.edu\/ampas\/wp-json\/wp\/v2\/posts\/8717\/revisions"}],"predecessor-version":[{"id":8722,"href":"https:\/\/valenciasaa.salesianos.edu\/ampas\/wp-json\/wp\/v2\/posts\/8717\/revisions\/8722"}],"wp:attachment":[{"href":"https:\/\/valenciasaa.salesianos.edu\/ampas\/wp-json\/wp\/v2\/media?parent=8717"}],"wp:term":[{"taxonomy":"category","embeddable":true,"href":"https:\/\/valenciasaa.salesianos.edu\/ampas\/wp-json\/wp\/v2\/categories?post=8717"},{"taxonomy":"post_tag","embeddable":true,"href":"https:\/\/valenciasaa.salesianos.edu\/ampas\/wp-json\/wp\/v2\/tags?post=8717"}],"curies":[{"name":"wp","href":"https:\/\/api.w.org\/{rel}","templated":true}]}}