{"id":8723,"date":"2026-06-15T15:37:12","date_gmt":"2026-06-15T13:37:12","guid":{"rendered":"https:\/\/valenciasaa.salesianos.edu\/ampas\/?p=8723"},"modified":"2026-06-15T15:37:15","modified_gmt":"2026-06-15T13:37:15","slug":"sorteo-por-el-dia-del-libro","status":"publish","type":"post","link":"https:\/\/valenciasaa.salesianos.edu\/ampas\/sorteo-por-el-dia-del-libro\/","title":{"rendered":"Sorteo por el d\u00eda del libro."},"content":{"rendered":"<p>[et_pb_section fb_built=\u00bb1&#8243; admin_label=\u00bbsection\u00bb _builder_version=\u00bb4.16&#8243; global_colors_info=\u00bb{}\u00bb theme_builder_area=\u00bbpost_content\u00bb][et_pb_row admin_label=\u00bbrow\u00bb _builder_version=\u00bb4.16&#8243; background_size=\u00bbinitial\u00bb background_position=\u00bbtop_left\u00bb background_repeat=\u00bbrepeat\u00bb global_colors_info=\u00bb{}\u00bb column_structure=\u00bb2_3,1_3&#8243; theme_builder_area=\u00bbpost_content\u00bb][et_pb_column type=\u00bb2_3&#8243; _builder_version=\u00bb4.16&#8243; custom_padding=\u00bb|||\u00bb global_colors_info=\u00bb{}\u00bb custom_padding__hover=\u00bb|||\u00bb theme_builder_area=\u00bbpost_content\u00bb][et_pb_text admin_label=\u00bbAutor\u00bb _builder_version=\u00bb4.27.6&#8243; background_size=\u00bbinitial\u00bb background_position=\u00bbtop_left\u00bb background_repeat=\u00bbrepeat\u00bb hover_enabled=\u00bb0&#8243; use_border_color=\u00bboff\u00bb border_color=\u00bb#ffffff\u00bb border_style=\u00bbsolid\u00bb global_colors_info=\u00bb{}\u00bb theme_builder_area=\u00bbpost_content\u00bb sticky_enabled=\u00bb0&#8243;]<\/p>\n<p>AMPAS<\/p>\n<p>[\/et_pb_text][et_pb_text admin_label=\u00bbEntradilla\u00bb _builder_version=\u00bb4.27.6&#8243; text_font=\u00bb|on|||\u00bb text_text_color=\u00bb#e02b20&#8243; background_size=\u00bbinitial\u00bb background_position=\u00bbtop_left\u00bb background_repeat=\u00bbrepeat\u00bb text_orientation=\u00bbjustified\u00bb hover_enabled=\u00bb0&#8243; use_border_color=\u00bboff\u00bb border_color=\u00bb#ffffff\u00bb border_style=\u00bbsolid\u00bb global_colors_info=\u00bb{}\u00bb theme_builder_area=\u00bbpost_content\u00bb sticky_enabled=\u00bb0&#8243;]<\/p>\n<p><span style=\"font-weight: 400\">El pasado 23 de abril, el AMPAS del Colegio Salesianos San Antonio Abad, por el d\u00eda del libro, realiz\u00f3 un sorteo entre las familias miembros del AMPAS pertenecientes a las etapas de Infantil, Primaria.<\/span><\/p>\n<p>[\/et_pb_text][et_pb_text admin_label=\u00bbDesarrollo\u00bb _builder_version=\u00bb4.27.6&#8243; background_size=\u00bbinitial\u00bb background_position=\u00bbtop_left\u00bb background_repeat=\u00bbrepeat\u00bb text_orientation=\u00bbjustified\u00bb hover_enabled=\u00bb0&#8243; use_border_color=\u00bboff\u00bb border_color=\u00bb#ffffff\u00bb border_style=\u00bbsolid\u00bb global_colors_info=\u00bb{}\u00bb theme_builder_area=\u00bbpost_content\u00bb sticky_enabled=\u00bb0&#8243;]<\/p>\n<p><span style=\"font-weight: 400\">Los libros, que fueron sorteados entre todas las familias pertenecientes al AMPAS de estas dos etapas educativas, fueron los siguientes:<\/span><\/p>\n<ul>\n<li style=\"font-weight: 400\"><span style=\"font-weight: 400\">Voy a ser amable.<\/span><\/li>\n<li style=\"font-weight: 400\"><span style=\"font-weight: 400\">Un dinosaurio en el cole.<\/span><\/li>\n<li style=\"font-weight: 400\"><span style=\"font-weight: 400\">El gato m\u00e1s loco del mundo.<\/span><\/li>\n<li style=\"font-weight: 400\"><span style=\"font-weight: 400\">Julia y los Mortimort.<\/span><\/li>\n<li style=\"font-weight: 400\"><span style=\"font-weight: 400\">Misterio S.A. Los fantasmas no existen.<\/span><\/li>\n<\/ul>\n<p><span style=\"font-weight: 400\">Queremos agradecer la gran acogida que hemos tenido tanto en este sorteo como en el sorteo anteriormente realizado por el d\u00eda mundial del bienestar mental en adolescentes.<\/span><\/p>\n<p><span style=\"font-weight: 400\">Desde el AMPAS, queremos agradecer la gran acogida que hemos tenido tanto en este sorteo como en el sorteo anteriormente realizado por el d\u00eda mundial del bienestar mental en adolescentes y reafirmamos nuestra intenci\u00f3n de seguir fomentando el amor por la lectura desde las etapas m\u00e1s tempranas de la educaci\u00f3n.<\/span><\/p>\n<p>En conclusi\u00f3n, un fant\u00e1stico d\u00eda de fiesta que celebramos en familia y armon\u00eda. Un d\u00eda en que demostramos que Don Bosco es y ser\u00e1 el maestro de la ALEGR\u00cdA.<\/p>\n<p>[\/et_pb_text][\/et_pb_column][et_pb_column type=\u00bb1_3&#8243; _builder_version=\u00bb4.16&#8243; custom_padding=\u00bb|||\u00bb global_colors_info=\u00bb{}\u00bb custom_padding__hover=\u00bb|||\u00bb theme_builder_area=\u00bbpost_content\u00bb][et_pb_gallery gallery_ids=\u00bb465,466,467,468,8726,8727,8728,8729&#8243; posts_number=\u00bb6&#8243; show_title_and_caption=\u00bboff\u00bb zoom_icon_color=\u00bb#d12525&#8243; hover_icon=\u00bb&#x49;||divi||400&#8243; admin_label=\u00bbGaler\u00eda\u00bb _builder_version=\u00bb4.27.6&#8243; hover_enabled=\u00bb0&#8243; use_border_color=\u00bboff\u00bb border_color=\u00bb#ffffff\u00bb border_style=\u00bbsolid\u00bb global_colors_info=\u00bb{}\u00bb theme_builder_area=\u00bbpost_content\u00bb sticky_enabled=\u00bb0&#8243;] [\/et_pb_gallery][\/et_pb_column][\/et_pb_row][\/et_pb_section]<\/p>\n","protected":false},"excerpt":{"rendered":"<p>AMPASEl pasado 23 de abril, el AMPAS del Colegio Salesianos San Antonio Abad, por el d\u00eda del libro, realiz\u00f3 un sorteo entre las familias miembros del AMPAS pertenecientes a las etapas de Infantil, Primaria.Los libros, que fueron sorteados entre todas las familias pertenecientes al AMPAS de estas dos etapas educativas, fueron los siguientes: Voy a [&hellip;]<\/p>\n","protected":false},"author":9,"featured_media":8726,"comment_status":"open","ping_status":"open","sticky":false,"template":"","format":"standard","meta":{"_et_pb_use_builder":"on","_et_pb_old_content":"","_et_gb_content_width":"","footnotes":""},"categories":[1],"tags":[],"class_list":["post-8723","post","type-post","status-publish","format-standard","has-post-thumbnail","hentry","category-uncategorized"],"yoast_head":"<!-- This site is optimized with the Yoast SEO plugin v28.4 - https:\/\/yoast.com\/product\/yoast-seo-wordpress\/ -->\n<title>Sorteo por el d\u00eda del libro. - AMPAS<\/title>\n<meta name=\"robots\" content=\"index, follow, max-snippet:-1, max-image-preview:large, max-video-preview:-1\" \/>\n<link rel=\"canonical\" href=\"https:\/\/valenciasaa.salesianos.edu\/ampas\/sorteo-por-el-dia-del-libro\/\" \/>\n<meta property=\"og:locale\" content=\"es_ES\" \/>\n<meta property=\"og:type\" content=\"article\" \/>\n<meta property=\"og:title\" content=\"Sorteo por el d\u00eda del libro. - AMPAS\" \/>\n<meta property=\"og:description\" content=\"AMPASEl pasado 23 de abril, el AMPAS del Colegio Salesianos San Antonio Abad, por el d\u00eda del libro, realiz\u00f3 un sorteo entre las familias miembros del AMPAS pertenecientes a las etapas de Infantil, Primaria.Los libros, que fueron sorteados entre todas las familias pertenecientes al AMPAS de estas dos etapas educativas, fueron los siguientes: Voy a [&hellip;]\" \/>\n<meta property=\"og:url\" content=\"https:\/\/valenciasaa.salesianos.edu\/ampas\/sorteo-por-el-dia-del-libro\/\" \/>\n<meta property=\"og:site_name\" content=\"AMPAS\" \/>\n<meta property=\"article:published_time\" content=\"2026-06-15T13:37:12+00:00\" \/>\n<meta property=\"article:modified_time\" content=\"2026-06-15T13:37:15+00:00\" \/>\n<meta property=\"og:image\" content=\"https:\/\/valenciasaa.salesianos.edu\/ampas\/wp-content\/uploads\/sites\/8\/2026\/06\/23.04.2026-Sorteo-dia-del-libro.jpg\" \/>\n\t<meta property=\"og:image:width\" content=\"1080\" \/>\n\t<meta property=\"og:image:height\" content=\"1920\" \/>\n\t<meta property=\"og:image:type\" content=\"image\/jpeg\" \/>\n<meta name=\"author\" content=\"cesarcorrecher\" \/>\n<meta name=\"twitter:card\" content=\"summary_large_image\" \/>\n<meta name=\"twitter:label1\" content=\"Escrito por\" \/>\n\t<meta name=\"twitter:data1\" content=\"cesarcorrecher\" \/>\n\t<meta name=\"twitter:label2\" content=\"Tiempo de lectura\" \/>\n\t<meta name=\"twitter:data2\" content=\"2 minutos\" \/>\n<script type=\"application\/ld+json\" class=\"yoast-schema-graph\">{\"@context\":\"https:\\\/\\\/schema.org\",\"@graph\":[{\"@type\":\"Article\",\"@id\":\"https:\\\/\\\/valenciasaa.salesianos.edu\\\/ampas\\\/sorteo-por-el-dia-del-libro\\\/#article\",\"isPartOf\":{\"@id\":\"https:\\\/\\\/valenciasaa.salesianos.edu\\\/ampas\\\/sorteo-por-el-dia-del-libro\\\/\"},\"author\":{\"name\":\"cesarcorrecher\",\"@id\":\"https:\\\/\\\/valenciasaa.salesianos.edu\\\/ampas\\\/#\\\/schema\\\/person\\\/8bc511db8949dc6f28160c52193688dd\"},\"headline\":\"Sorteo por el d\u00eda del libro.\",\"datePublished\":\"2026-06-15T13:37:12+00:00\",\"dateModified\":\"2026-06-15T13:37:15+00:00\",\"mainEntityOfPage\":{\"@id\":\"https:\\\/\\\/valenciasaa.salesianos.edu\\\/ampas\\\/sorteo-por-el-dia-del-libro\\\/\"},\"wordCount\":496,\"commentCount\":0,\"image\":{\"@id\":\"https:\\\/\\\/valenciasaa.salesianos.edu\\\/ampas\\\/sorteo-por-el-dia-del-libro\\\/#primaryimage\"},\"thumbnailUrl\":\"https:\\\/\\\/valenciasaa.salesianos.edu\\\/ampas\\\/wp-content\\\/uploads\\\/sites\\\/8\\\/2026\\\/06\\\/23.04.2026-Sorteo-dia-del-libro.jpg\",\"articleSection\":[\"Uncategorized\"],\"inLanguage\":\"es\",\"potentialAction\":[{\"@type\":\"CommentAction\",\"name\":\"Comment\",\"target\":[\"https:\\\/\\\/valenciasaa.salesianos.edu\\\/ampas\\\/sorteo-por-el-dia-del-libro\\\/#respond\"]}]},{\"@type\":\"WebPage\",\"@id\":\"https:\\\/\\\/valenciasaa.salesianos.edu\\\/ampas\\\/sorteo-por-el-dia-del-libro\\\/\",\"url\":\"https:\\\/\\\/valenciasaa.salesianos.edu\\\/ampas\\\/sorteo-por-el-dia-del-libro\\\/\",\"name\":\"Sorteo por el d\u00eda del libro. - AMPAS\",\"isPartOf\":{\"@id\":\"https:\\\/\\\/valenciasaa.salesianos.edu\\\/ampas\\\/#website\"},\"primaryImageOfPage\":{\"@id\":\"https:\\\/\\\/valenciasaa.salesianos.edu\\\/ampas\\\/sorteo-por-el-dia-del-libro\\\/#primaryimage\"},\"image\":{\"@id\":\"https:\\\/\\\/valenciasaa.salesianos.edu\\\/ampas\\\/sorteo-por-el-dia-del-libro\\\/#primaryimage\"},\"thumbnailUrl\":\"https:\\\/\\\/valenciasaa.salesianos.edu\\\/ampas\\\/wp-content\\\/uploads\\\/sites\\\/8\\\/2026\\\/06\\\/23.04.2026-Sorteo-dia-del-libro.jpg\",\"datePublished\":\"2026-06-15T13:37:12+00:00\",\"dateModified\":\"2026-06-15T13:37:15+00:00\",\"author\":{\"@id\":\"https:\\\/\\\/valenciasaa.salesianos.edu\\\/ampas\\\/#\\\/schema\\\/person\\\/8bc511db8949dc6f28160c52193688dd\"},\"breadcrumb\":{\"@id\":\"https:\\\/\\\/valenciasaa.salesianos.edu\\\/ampas\\\/sorteo-por-el-dia-del-libro\\\/#breadcrumb\"},\"inLanguage\":\"es\",\"potentialAction\":[{\"@type\":\"ReadAction\",\"target\":[\"https:\\\/\\\/valenciasaa.salesianos.edu\\\/ampas\\\/sorteo-por-el-dia-del-libro\\\/\"]}]},{\"@type\":\"ImageObject\",\"inLanguage\":\"es\",\"@id\":\"https:\\\/\\\/valenciasaa.salesianos.edu\\\/ampas\\\/sorteo-por-el-dia-del-libro\\\/#primaryimage\",\"url\":\"https:\\\/\\\/valenciasaa.salesianos.edu\\\/ampas\\\/wp-content\\\/uploads\\\/sites\\\/8\\\/2026\\\/06\\\/23.04.2026-Sorteo-dia-del-libro.jpg\",\"contentUrl\":\"https:\\\/\\\/valenciasaa.salesianos.edu\\\/ampas\\\/wp-content\\\/uploads\\\/sites\\\/8\\\/2026\\\/06\\\/23.04.2026-Sorteo-dia-del-libro.jpg\",\"width\":1080,\"height\":1920},{\"@type\":\"BreadcrumbList\",\"@id\":\"https:\\\/\\\/valenciasaa.salesianos.edu\\\/ampas\\\/sorteo-por-el-dia-del-libro\\\/#breadcrumb\",\"itemListElement\":[{\"@type\":\"ListItem\",\"position\":1,\"name\":\"Portada\",\"item\":\"https:\\\/\\\/valenciasaa.salesianos.edu\\\/ampas\\\/\"},{\"@type\":\"ListItem\",\"position\":2,\"name\":\"Sorteo por el d\u00eda del libro.\"}]},{\"@type\":\"WebSite\",\"@id\":\"https:\\\/\\\/valenciasaa.salesianos.edu\\\/ampas\\\/#website\",\"url\":\"https:\\\/\\\/valenciasaa.salesianos.edu\\\/ampas\\\/\",\"name\":\"AMPAS\",\"description\":\"P\u00e1gina oficial de Salesianos San Antonio Abad Valencia\",\"potentialAction\":[{\"@type\":\"SearchAction\",\"target\":{\"@type\":\"EntryPoint\",\"urlTemplate\":\"https:\\\/\\\/valenciasaa.salesianos.edu\\\/ampas\\\/?s={search_term_string}\"},\"query-input\":{\"@type\":\"PropertyValueSpecification\",\"valueRequired\":true,\"valueName\":\"search_term_string\"}}],\"inLanguage\":\"es\"},{\"@type\":\"Person\",\"@id\":\"https:\\\/\\\/valenciasaa.salesianos.edu\\\/ampas\\\/#\\\/schema\\\/person\\\/8bc511db8949dc6f28160c52193688dd\",\"name\":\"cesarcorrecher\",\"image\":{\"@type\":\"ImageObject\",\"inLanguage\":\"es\",\"@id\":\"https:\\\/\\\/secure.gravatar.com\\\/avatar\\\/cfcad19402b78d21797dff1df642863f2ef4620d4e727323f4eba0fd0a1935b2?s=96&d=mm&r=g\",\"url\":\"https:\\\/\\\/secure.gravatar.com\\\/avatar\\\/cfcad19402b78d21797dff1df642863f2ef4620d4e727323f4eba0fd0a1935b2?s=96&d=mm&r=g\",\"contentUrl\":\"https:\\\/\\\/secure.gravatar.com\\\/avatar\\\/cfcad19402b78d21797dff1df642863f2ef4620d4e727323f4eba0fd0a1935b2?s=96&d=mm&r=g\",\"caption\":\"cesarcorrecher\"}}]}<\/script>\n<!-- \/ Yoast SEO plugin. -->","yoast_head_json":{"title":"Sorteo por el d\u00eda del libro. - AMPAS","robots":{"index":"index","follow":"follow","max-snippet":"max-snippet:-1","max-image-preview":"max-image-preview:large","max-video-preview":"max-video-preview:-1"},"canonical":"https:\/\/valenciasaa.salesianos.edu\/ampas\/sorteo-por-el-dia-del-libro\/","og_locale":"es_ES","og_type":"article","og_title":"Sorteo por el d\u00eda del libro. - AMPAS","og_description":"AMPASEl pasado 23 de abril, el AMPAS del Colegio Salesianos San Antonio Abad, por el d\u00eda del libro, realiz\u00f3 un sorteo entre las familias miembros del AMPAS pertenecientes a las etapas de Infantil, Primaria.Los libros, que fueron sorteados entre todas las familias pertenecientes al AMPAS de estas dos etapas educativas, fueron los siguientes: Voy a [&hellip;]","og_url":"https:\/\/valenciasaa.salesianos.edu\/ampas\/sorteo-por-el-dia-del-libro\/","og_site_name":"AMPAS","article_published_time":"2026-06-15T13:37:12+00:00","article_modified_time":"2026-06-15T13:37:15+00:00","og_image":[{"width":1080,"height":1920,"url":"https:\/\/valenciasaa.salesianos.edu\/ampas\/wp-content\/uploads\/sites\/8\/2026\/06\/23.04.2026-Sorteo-dia-del-libro.jpg","type":"image\/jpeg"}],"author":"cesarcorrecher","twitter_card":"summary_large_image","twitter_misc":{"Escrito por":"cesarcorrecher","Tiempo de lectura":"2 minutos"},"schema":{"@context":"https:\/\/schema.org","@graph":[{"@type":"Article","@id":"https:\/\/valenciasaa.salesianos.edu\/ampas\/sorteo-por-el-dia-del-libro\/#article","isPartOf":{"@id":"https:\/\/valenciasaa.salesianos.edu\/ampas\/sorteo-por-el-dia-del-libro\/"},"author":{"name":"cesarcorrecher","@id":"https:\/\/valenciasaa.salesianos.edu\/ampas\/#\/schema\/person\/8bc511db8949dc6f28160c52193688dd"},"headline":"Sorteo por el d\u00eda del libro.","datePublished":"2026-06-15T13:37:12+00:00","dateModified":"2026-06-15T13:37:15+00:00","mainEntityOfPage":{"@id":"https:\/\/valenciasaa.salesianos.edu\/ampas\/sorteo-por-el-dia-del-libro\/"},"wordCount":496,"commentCount":0,"image":{"@id":"https:\/\/valenciasaa.salesianos.edu\/ampas\/sorteo-por-el-dia-del-libro\/#primaryimage"},"thumbnailUrl":"https:\/\/valenciasaa.salesianos.edu\/ampas\/wp-content\/uploads\/sites\/8\/2026\/06\/23.04.2026-Sorteo-dia-del-libro.jpg","articleSection":["Uncategorized"],"inLanguage":"es","potentialAction":[{"@type":"CommentAction","name":"Comment","target":["https:\/\/valenciasaa.salesianos.edu\/ampas\/sorteo-por-el-dia-del-libro\/#respond"]}]},{"@type":"WebPage","@id":"https:\/\/valenciasaa.salesianos.edu\/ampas\/sorteo-por-el-dia-del-libro\/","url":"https:\/\/valenciasaa.salesianos.edu\/ampas\/sorteo-por-el-dia-del-libro\/","name":"Sorteo por el d\u00eda del libro. - AMPAS","isPartOf":{"@id":"https:\/\/valenciasaa.salesianos.edu\/ampas\/#website"},"primaryImageOfPage":{"@id":"https:\/\/valenciasaa.salesianos.edu\/ampas\/sorteo-por-el-dia-del-libro\/#primaryimage"},"image":{"@id":"https:\/\/valenciasaa.salesianos.edu\/ampas\/sorteo-por-el-dia-del-libro\/#primaryimage"},"thumbnailUrl":"https:\/\/valenciasaa.salesianos.edu\/ampas\/wp-content\/uploads\/sites\/8\/2026\/06\/23.04.2026-Sorteo-dia-del-libro.jpg","datePublished":"2026-06-15T13:37:12+00:00","dateModified":"2026-06-15T13:37:15+00:00","author":{"@id":"https:\/\/valenciasaa.salesianos.edu\/ampas\/#\/schema\/person\/8bc511db8949dc6f28160c52193688dd"},"breadcrumb":{"@id":"https:\/\/valenciasaa.salesianos.edu\/ampas\/sorteo-por-el-dia-del-libro\/#breadcrumb"},"inLanguage":"es","potentialAction":[{"@type":"ReadAction","target":["https:\/\/valenciasaa.salesianos.edu\/ampas\/sorteo-por-el-dia-del-libro\/"]}]},{"@type":"ImageObject","inLanguage":"es","@id":"https:\/\/valenciasaa.salesianos.edu\/ampas\/sorteo-por-el-dia-del-libro\/#primaryimage","url":"https:\/\/valenciasaa.salesianos.edu\/ampas\/wp-content\/uploads\/sites\/8\/2026\/06\/23.04.2026-Sorteo-dia-del-libro.jpg","contentUrl":"https:\/\/valenciasaa.salesianos.edu\/ampas\/wp-content\/uploads\/sites\/8\/2026\/06\/23.04.2026-Sorteo-dia-del-libro.jpg","width":1080,"height":1920},{"@type":"BreadcrumbList","@id":"https:\/\/valenciasaa.salesianos.edu\/ampas\/sorteo-por-el-dia-del-libro\/#breadcrumb","itemListElement":[{"@type":"ListItem","position":1,"name":"Portada","item":"https:\/\/valenciasaa.salesianos.edu\/ampas\/"},{"@type":"ListItem","position":2,"name":"Sorteo por el d\u00eda del libro."}]},{"@type":"WebSite","@id":"https:\/\/valenciasaa.salesianos.edu\/ampas\/#website","url":"https:\/\/valenciasaa.salesianos.edu\/ampas\/","name":"AMPAS","description":"P\u00e1gina oficial de Salesianos San Antonio Abad Valencia","potentialAction":[{"@type":"SearchAction","target":{"@type":"EntryPoint","urlTemplate":"https:\/\/valenciasaa.salesianos.edu\/ampas\/?s={search_term_string}"},"query-input":{"@type":"PropertyValueSpecification","valueRequired":true,"valueName":"search_term_string"}}],"inLanguage":"es"},{"@type":"Person","@id":"https:\/\/valenciasaa.salesianos.edu\/ampas\/#\/schema\/person\/8bc511db8949dc6f28160c52193688dd","name":"cesarcorrecher","image":{"@type":"ImageObject","inLanguage":"es","@id":"https:\/\/secure.gravatar.com\/avatar\/cfcad19402b78d21797dff1df642863f2ef4620d4e727323f4eba0fd0a1935b2?s=96&d=mm&r=g","url":"https:\/\/secure.gravatar.com\/avatar\/cfcad19402b78d21797dff1df642863f2ef4620d4e727323f4eba0fd0a1935b2?s=96&d=mm&r=g","contentUrl":"https:\/\/secure.gravatar.com\/avatar\/cfcad19402b78d21797dff1df642863f2ef4620d4e727323f4eba0fd0a1935b2?s=96&d=mm&r=g","caption":"cesarcorrecher"}}]}},"_links":{"self":[{"href":"https:\/\/valenciasaa.salesianos.edu\/ampas\/wp-json\/wp\/v2\/posts\/8723","targetHints":{"allow":["GET"]}}],"collection":[{"href":"https:\/\/valenciasaa.salesianos.edu\/ampas\/wp-json\/wp\/v2\/posts"}],"about":[{"href":"https:\/\/valenciasaa.salesianos.edu\/ampas\/wp-json\/wp\/v2\/types\/post"}],"author":[{"embeddable":true,"href":"https:\/\/valenciasaa.salesianos.edu\/ampas\/wp-json\/wp\/v2\/users\/9"}],"replies":[{"embeddable":true,"href":"https:\/\/valenciasaa.salesianos.edu\/ampas\/wp-json\/wp\/v2\/comments?post=8723"}],"version-history":[{"count":2,"href":"https:\/\/valenciasaa.salesianos.edu\/ampas\/wp-json\/wp\/v2\/posts\/8723\/revisions"}],"predecessor-version":[{"id":8730,"href":"https:\/\/valenciasaa.salesianos.edu\/ampas\/wp-json\/wp\/v2\/posts\/8723\/revisions\/8730"}],"wp:featuredmedia":[{"embeddable":true,"href":"https:\/\/valenciasaa.salesianos.edu\/ampas\/wp-json\/wp\/v2\/media\/8726"}],"wp:attachment":[{"href":"https:\/\/valenciasaa.salesianos.edu\/ampas\/wp-json\/wp\/v2\/media?parent=8723"}],"wp:term":[{"taxonomy":"category","embeddable":true,"href":"https:\/\/valenciasaa.salesianos.edu\/ampas\/wp-json\/wp\/v2\/categories?post=8723"},{"taxonomy":"post_tag","embeddable":true,"href":"https:\/\/valenciasaa.salesianos.edu\/ampas\/wp-json\/wp\/v2\/tags?post=8723"}],"curies":[{"name":"wp","href":"https:\/\/api.w.org\/{rel}","templated":true}]}}